{"id":9886,"date":"2019-04-18T18:19:12","date_gmt":"2019-04-18T18:19:12","guid":{"rendered":"http:\/\/www.miguelfaccio.com.br\/blog\/?p=9886"},"modified":"2019-04-18T18:19:15","modified_gmt":"2019-04-18T18:19:15","slug":"rcd1953-raios-ou-chamas","status":"publish","type":"post","link":"https:\/\/www.miguelfaccio.com.br\/blog\/index.php\/rcd1953-raios-ou-chamas\/","title":{"rendered":"RCD1953 \u2013 Raios ou Chamas"},"content":{"rendered":"\n<p style=\"text-align:right\"><strong>Mensagem de Jeshua (Jesus) <br>Canalizada por Pamela Kribbe <\/strong><\/p>\n\n\n\n<p>CURVE-SE INTIMAMENTE PARA SI MESMO <\/p>\n\n\n\n<p>31 de dezembro de 2018  <\/p>\n\n\n\n<p>luz de gaia<\/p>\n\n\n\n<p>Queridos amigos, belos filhos da\nhumanidade<\/p>\n\n\n\n<p>Eu sou Jeshua, seu irm\u00e3o e amigo.\nEstou com voc\u00eas e seguro suas m\u00e3os. Eu tamb\u00e9m percorri a senda onde voc\u00eas se\nencontram e conheci as profundezas do desespero, da tristeza intensa e saudades\ndo Lar. Conhe\u00e7o voc\u00eas internamente, porque s\u00e3o meus entes queridos, minha\nfam\u00edlia. Eu os acolho aqui e agora.<\/p>\n\n\n\n<p>Voc\u00eas s\u00e3o os portadores de um\ncomando sagrado: espalhar, aqui na Terra, a luz do C\u00e9u e o sentimento de amor\ndo Lar. Em primeiro lugar, para si mesmos, de modo a aliviar sua carga interna\natrav\u00e9s do amor, da ternura e humildade para consigo mesmos.<\/p>\n\n\n\n<p>Pe\u00e7o a cada um de voc\u00eas que se curve\nintimamente para si mesmo, de modo a dar forma, aqui, \u00e0 luz da sua alma. Voc\u00ea\nconsegue fazer isto? Consegue juntar suas m\u00e3os diante do seu pr\u00f3prio cora\u00e7\u00e3o,\nna conhecida sauda\u00e7\u00e3o oriental (Namast\u00ea), e curvar-se para si mesmo? E por que\nlhe pe\u00e7o isto? Por que voc\u00ea n\u00e3o se curva para si mesmo com frequ\u00eancia ou por\nvontade pr\u00f3pria.<\/p>\n\n\n\n<p>Curvar-se para si mesmo significa\naceitar-se completamente como voc\u00ea \u00e9 agora \u2013 sendo voc\u00ea mesmo totalmente e\ndesapegando-se de tudo o mais, com uma suave expira\u00e7\u00e3o. Ser completo no momento\n\u00e9 a verdadeira humildade, mas isto n\u00e3o \u00e9 tudo. Nessa humildade, na a\u00e7\u00e3o de\ncurvar-se a si mesmo, reside a confian\u00e7a de que existe um ser-semente perfeito\ndentro de voc\u00ea, que n\u00e3o deseja nada al\u00e9m de se abrir, florescer e crescer. O\nque alimenta esse ser-semente? O que o faz abrir-se em flor e se desenvolver? O\nque mais o alimenta s\u00e3o a sua aten\u00e7\u00e3o silenciosa, seu apre\u00e7o e carinho.<\/p>\n\n\n\n<p>D\u00ea um passo para tr\u00e1s e veja-se como\no ser grandioso e especial que voc\u00ea \u00e9. Internamente, estenda-lhe as m\u00e3os com\nadmira\u00e7\u00e3o, como se estivesse se aproximando de algo verdadeiramente precioso.\nVoc\u00ea poder\u00e1 v\u00ea-lo como uma crian\u00e7a ou como a semente de uma planta, ou talvez,\ncomo um grupo de cores ou energia. Mas o que voc\u00ea est\u00e1 vendo, de fato, \u00e9 o\nser-alma que voc\u00ea \u00e9.<\/p>\n\n\n\n<p>A alma desperta gradativamente\natrav\u00e9s de vastas correntes de tempo e espa\u00e7o. Da alma fluem diferentes raios\nde luz, que tocam e visitam a Terra, e estes s\u00e3o as suas encarna\u00e7\u00f5es neste\nplaneta. De cada encarna\u00e7\u00e3o, a alma toma algumas coisas para si mesma:\nexperi\u00eancias, conhecimento, sabedoria e, inclusive, dor e incompreens\u00e3o. E\nprecisa digerir tudo isso. A alma encontra-se em um processo constante de\ntransforma\u00e7\u00e3o, de crescimento, que se torna cada vez mais exuberante. A semente\ngermina, e o resultado \u00e9 um milagre, um ser de beleza e esplendor que cresce\ninfinitamente mais grandioso no cosmos.<\/p>\n\n\n\n<p>Ao crescer e florescer, a luz se\npropaga como uma manifesta\u00e7\u00e3o \u00fanica, porque nenhuma alma \u00e9 igual a outra. Cada\nalma espalha a luz do universo, a luz de Deus, de forma pessoal. Voc\u00ea est\u00e1\nagora em uma das muitas encarna\u00e7\u00f5es da sua alma. Voc\u00ea \u00e9 como um raio de sol\nconectado \u00e0 sua alma, e como est\u00e1 conectado com sua alma, tamb\u00e9m se mant\u00e9m\nconectado com outros raios de encarna\u00e7\u00e3o da sua alma.<\/p>\n\n\n\n<p>Na encarna\u00e7\u00e3o em que voc\u00ea se\nencontra neste momento, algo especial est\u00e1 em andamento, algo milagroso\u2026 a\nenergia da Terra est\u00e1 come\u00e7ando a mudar. As pessoas est\u00e3o encontrando mais e\nmelhor acesso \u00e0 realidade interior e \u00e0s suas almas. O v\u00e9u \u2013 como voc\u00eas o chamam\n\u2013 entre o outro lado e a vida cotidiana est\u00e1 se tornando mais fino e\ntransparente. As pessoas est\u00e3o buscando e tentando encontrar sentido e\nsignificado em suas vidas. A pr\u00f3pria Terra, e os corpos celestes ao redor dela,\nmudam com essa busca, e assim se tornam mais perme\u00e1veis e acess\u00edveis \u00e0s\nvibra\u00e7\u00f5es superiores e verdades essenciais.<\/p>\n\n\n\n<p>Voc\u00ea est\u00e1 entre os que desejam\nabsorver tudo isso e trazer para Terra o conhecimento da sua alma e sua conex\u00e3o\ncom o Uno \u2013 aquele que conecta todas as almas. Voc\u00ea tem sede dessa conex\u00e3o, e\nesta vida \u00e9 muito apropriada para isso. A vida na Terra, como um todo, deseja\nagora avan\u00e7ar em dire\u00e7\u00e3o a uma vibra\u00e7\u00e3o diferente e tornar-se radiante no n\u00edvel\nda alma, e com a leveza, a harmonia e a inspira\u00e7\u00e3o que a acompanham.<\/p>\n\n\n\n<p>Voc\u00eas s\u00e3o os receptores, os canais\ndessa nova energia que est\u00e1 nascendo agora na Terra. Quando cada um de voc\u00eas\nrecebe a energia de sua alma, a informa\u00e7\u00e3o \u00e9 liberada, e junto com essa\nlibera\u00e7\u00e3o muitas vezes surgem velhas cargas emocionais de vidas anteriores \u2013 como\nvoc\u00eas as chamam \u2013 de outras encarna\u00e7\u00f5es, outros raios do sol que \u00e9 a alma. Isto\nacontece por um motivo. Ao se familiarizar com essas cargas emocionais e\nconscientemente as redimir e transformar, voc\u00ea traz paz para sua alma. Muitas\nvezes, voc\u00ea v\u00ea a alma como superior \u00e0 sua pequena personalidade, mas a verdade\n\u00e9 que a alma aprende, se desenvolve e come\u00e7a a florescer atrav\u00e9s da intera\u00e7\u00e3o\ncom suas encarna\u00e7\u00f5es, com voc\u00ea. Portanto, n\u00e3o subestime o significado da sua\nvida aqui e agora na Terra. Voc\u00ea faz diferen\u00e7a para a sua alma. Ao viver com\nabertura e consci\u00eancia, e curvar-se \u00e0 realidade de quem voc\u00ea \u00e9, voc\u00ea enriquece\nsua alma no n\u00edvel mais profundo.<\/p>\n\n\n\n<p>Quero falar agora sobre essas\nemo\u00e7\u00f5es pesadas, sobre a dor e d\u00favidas profundas, em parte trazidas de outras encarna\u00e7\u00f5es,\nque irrompem em voc\u00ea neste momento e, simultaneamente, surgem em muitas outras\npessoas. Este processo n\u00e3o \u00e9 apenas individual \u2013 \u00e9 tamb\u00e9m um processo coletivo\ne tem grande significado, n\u00e3o s\u00f3 para voc\u00ea, mas para toda a consci\u00eancia\ncoletiva da Terra. E afeta, inclusive, seres n\u00e3o-humanos e a natureza em geral.<\/p>\n\n\n\n<p>continua<\/p>\n","protected":false},"excerpt":{"rendered":"<p>Mensagem de Jeshua (Jesus) Canalizada por Pamela Kribbe CURVE-SE INTIMAMENTE PARA SI MESMO 31 de dezembro de 2018 luz de gaia Queridos amigos, belos filhos da humanidade Eu sou Jeshua, seu irm\u00e3o e amigo. Estou com voc\u00eas e seguro suas m\u00e3os. Eu tamb\u00e9m percorri a senda onde voc\u00eas se encontram e conheci as profundezas do [&hellip;]<\/p>\n","protected":false},"author":1,"featured_media":0,"comment_status":"open","ping_status":"open","sticky":false,"template":"","format":"standard","meta":{"_mi_skip_tracking":false},"categories":[3],"tags":[],"_links":{"self":[{"href":"https:\/\/www.miguelfaccio.com.br\/blog\/index.php\/wp-json\/wp\/v2\/posts\/9886"}],"collection":[{"href":"https:\/\/www.miguelfaccio.com.br\/blog\/index.php\/wp-json\/wp\/v2\/posts"}],"about":[{"href":"https:\/\/www.miguelfaccio.com.br\/blog\/index.php\/wp-json\/wp\/v2\/types\/post"}],"author":[{"embeddable":true,"href":"https:\/\/www.miguelfaccio.com.br\/blog\/index.php\/wp-json\/wp\/v2\/users\/1"}],"replies":[{"embeddable":true,"href":"https:\/\/www.miguelfaccio.com.br\/blog\/index.php\/wp-json\/wp\/v2\/comments?post=9886"}],"version-history":[{"count":1,"href":"https:\/\/www.miguelfaccio.com.br\/blog\/index.php\/wp-json\/wp\/v2\/posts\/9886\/revisions"}],"predecessor-version":[{"id":9887,"href":"https:\/\/www.miguelfaccio.com.br\/blog\/index.php\/wp-json\/wp\/v2\/posts\/9886\/revisions\/9887"}],"wp:attachment":[{"href":"https:\/\/www.miguelfaccio.com.br\/blog\/index.php\/wp-json\/wp\/v2\/media?parent=9886"}],"wp:term":[{"taxonomy":"category","embeddable":true,"href":"https:\/\/www.miguelfaccio.com.br\/blog\/index.php\/wp-json\/wp\/v2\/categories?post=9886"},{"taxonomy":"post_tag","embeddable":true,"href":"https:\/\/www.miguelfaccio.com.br\/blog\/index.php\/wp-json\/wp\/v2\/tags?post=9886"}],"curies":[{"name":"wp","href":"https:\/\/api.w.org\/{rel}","templated":true}]}}