{"id":8186,"date":"2018-03-09T11:20:37","date_gmt":"2018-03-09T11:20:37","guid":{"rendered":"http:\/\/www.miguelfaccio.com.br\/blog\/?p=8186"},"modified":"2018-03-09T11:20:37","modified_gmt":"2018-03-09T11:20:37","slug":"plv1584-livro-14-diario-02-01-2016","status":"publish","type":"post","link":"https:\/\/www.miguelfaccio.com.br\/blog\/index.php\/plv1584-livro-14-diario-02-01-2016\/","title":{"rendered":"PLV1584 &#8211; Livro 14 &#8211; Di\u00e1rio, 02\/01\/2016"},"content":{"rendered":"<p style=\"text-align: right;\"><strong>02\/01\/2016<\/strong><\/p>\n<p>A presen\u00e7a de Deus n\u00e3o se faz de uma forma f\u00edsica. Deus n\u00e3o \u00e9 mat\u00e9ria, est\u00e1 na mat\u00e9ria, mas n\u00e3o \u00e9 mat\u00e9ria. O ser humano, bitolado pelo V\u00e9u de Maya que encobre a sua percep\u00e7\u00e3o daquilo que n\u00e3o \u00e9 mat\u00e9ria, tem dificuldade de intelectualizar aquilo que foge \u00e0 vis\u00e3o dos olhos f\u00edsicos. Por isso, tenta dar a Deus formas que lhe s\u00e3o palp\u00e1veis. Deus n\u00e3o pode ser sentido pelos cinco sentidos, pois n\u00e3o tem forma, precisa ser intelectualizado pela raz\u00e3o. Em realidade, Deus \u00e9 energia e ela se manifesta das mais variadas formas, que a ci\u00eancia dos homens mal est\u00e1 conseguindo identificar algumas. Sem essa energia que chamamos de Deus, o universo deixaria de existir. O n\u00facleo do \u00e1tomo n\u00e3o conseguiria aglutinar os el\u00e9trons que lhe mant\u00eam a estabilidade. Muito menos o sol conseguiria atrair seus planetas, formando seu sistema pr\u00f3prio. Muito menos uma gal\u00e1xia conseguiria englobar todos os sistemas solares que a formam. Isso tudo n\u00e3o seria poss\u00edvel sem essa energia que chamamos de Deus, que por sua vez fixou as Leis que regem desde o el\u00e9tron em torno do n\u00facleo do \u00e1tomo ao andar das gal\u00e1xias pelo universo sem fim.<\/p>\n","protected":false},"excerpt":{"rendered":"<p>02\/01\/2016 A presen\u00e7a de Deus n\u00e3o se faz de uma forma f\u00edsica. Deus n\u00e3o \u00e9 mat\u00e9ria, est\u00e1 na mat\u00e9ria, mas n\u00e3o \u00e9 mat\u00e9ria. O ser humano, bitolado pelo V\u00e9u de Maya que encobre a sua percep\u00e7\u00e3o daquilo que n\u00e3o \u00e9 mat\u00e9ria, tem dificuldade de intelectualizar aquilo que foge \u00e0 vis\u00e3o dos olhos f\u00edsicos. Por isso, [&hellip;]<\/p>\n","protected":false},"author":1,"featured_media":0,"comment_status":"open","ping_status":"open","sticky":false,"template":"","format":"standard","meta":{"_mi_skip_tracking":false},"categories":[20],"tags":[],"_links":{"self":[{"href":"https:\/\/www.miguelfaccio.com.br\/blog\/index.php\/wp-json\/wp\/v2\/posts\/8186"}],"collection":[{"href":"https:\/\/www.miguelfaccio.com.br\/blog\/index.php\/wp-json\/wp\/v2\/posts"}],"about":[{"href":"https:\/\/www.miguelfaccio.com.br\/blog\/index.php\/wp-json\/wp\/v2\/types\/post"}],"author":[{"embeddable":true,"href":"https:\/\/www.miguelfaccio.com.br\/blog\/index.php\/wp-json\/wp\/v2\/users\/1"}],"replies":[{"embeddable":true,"href":"https:\/\/www.miguelfaccio.com.br\/blog\/index.php\/wp-json\/wp\/v2\/comments?post=8186"}],"version-history":[{"count":1,"href":"https:\/\/www.miguelfaccio.com.br\/blog\/index.php\/wp-json\/wp\/v2\/posts\/8186\/revisions"}],"predecessor-version":[{"id":8187,"href":"https:\/\/www.miguelfaccio.com.br\/blog\/index.php\/wp-json\/wp\/v2\/posts\/8186\/revisions\/8187"}],"wp:attachment":[{"href":"https:\/\/www.miguelfaccio.com.br\/blog\/index.php\/wp-json\/wp\/v2\/media?parent=8186"}],"wp:term":[{"taxonomy":"category","embeddable":true,"href":"https:\/\/www.miguelfaccio.com.br\/blog\/index.php\/wp-json\/wp\/v2\/categories?post=8186"},{"taxonomy":"post_tag","embeddable":true,"href":"https:\/\/www.miguelfaccio.com.br\/blog\/index.php\/wp-json\/wp\/v2\/tags?post=8186"}],"curies":[{"name":"wp","href":"https:\/\/api.w.org\/{rel}","templated":true}]}}