{"id":3543,"date":"2015-04-22T13:04:52","date_gmt":"2015-04-22T13:04:52","guid":{"rendered":"http:\/\/www.miguelfaccio.com.br\/blog\/?p=3543"},"modified":"2015-04-22T13:04:52","modified_gmt":"2015-04-22T13:04:52","slug":"rcd493-raios-ou-chamas-2","status":"publish","type":"post","link":"https:\/\/www.miguelfaccio.com.br\/blog\/index.php\/rcd493-raios-ou-chamas-2\/","title":{"rendered":"RCD493- Raios ou Chamas"},"content":{"rendered":"<p style=\"text-align: right;\"><strong>\u00a0<span style=\"color: #ff00ff;\">Mensagem do Arcanjo Miguel<\/span><\/strong><\/p>\n<p style=\"text-align: right;\"><strong><span style=\"color: #ff6600;\">A TRANSMISS\u00c3O DE S\u00cdRIUS E A ATUALIZA\u00c7\u00c3O DO CORPO DE LUZ MULTIDIMENSIONAL: TRANSMISS\u00d5ES DAS SEMENTES DAS ESTRELAS<\/span><\/strong><\/p>\n<p>Mensagem de C\u00e9lia Fenn<br \/>\n24 de fevereiro de 2015<\/p>\n<p>Fevereiro foi um m\u00eas mais intenso em termos de mudan\u00e7as de Energia e transforma\u00e7\u00f5es. Isto parece ser um novo padr\u00e3o, pois fevereiro de 2014 foi tamb\u00e9m intenso e poderoso. 2014 foi o ano em que a energia se intensificou atrav\u00e9s deste m\u00eas, culminando no dia 22 de fevereiro de 2015. Este n\u00e3o foi um fen\u00f4meno solar apenas, embora o sol tenha estado no processo de ativa\u00e7\u00e3o de uma nova estrutura do Corpo de Luz, tamb\u00e9m, mas a principal fonte destas transmiss\u00f5es \u00e9 o sistema Estelar de Sirius.<\/p>\n<p>Sirius tem sido uma parte da cria\u00e7\u00e3o e evolu\u00e7\u00e3o da Terra por muitos ciclos estelares. H\u00e1 uma &#8220;parceria&#8221; entre o Conselho de Luz de S\u00edrio e Os Conselhos da Terra, que foi renovada para permitir que os Mestres e Professores de S\u00edrio continuem a fornecer os seus conhecimentos e orienta\u00e7\u00f5es sobre quest\u00f5es da evolu\u00e7\u00e3o e o projeto do Corpo de Luz. Os professores e mestres de S\u00edrio, por interm\u00e9dio das Escolas Sagradas da Atl\u00e2ntida e do Egito, transmitiram \u00e0 Terra a compreens\u00e3o da natureza das t\u00e9cnicas da cria\u00e7\u00e3o, utilizadas pelo Elohim e os Arcanjos, bem como o projeto e fun\u00e7\u00e3o do Corpo de Luz Ang\u00e9lico Humano e sua rela\u00e7\u00e3o com o Tempo e Espa\u00e7o dentro de diferentes estruturas dimensionais.<\/p>\n<p>Nesta parceria mais recente, os Mestres Sirianos ajudaram a transmitir para as Grades Diamante da Nova Terra, os C\u00f3digos de Luz para a primeira e grande atualiza\u00e7\u00e3o do Corpo de Luz Diamante. Esta atualiza\u00e7\u00e3o destina-se a regular o Corpo de Luz a sua nova fun\u00e7\u00e3o como um Ve\u00edculo de Luz Multidimensional. Ondas de luz intensas est\u00e3o sendo transmitidas a partir de Sirius, e estas carregam os padr\u00f5es de ondas e frequ\u00eancias das novas calibra\u00e7\u00f5es do Corpo de Luz.<\/p>\n<p>Esta tem sido uma das raz\u00f5es por que houve tanta neve no hemisf\u00e9rio norte. Os C\u00f3digos de Luz est\u00e3o sendo mantidos e transmitidos para as formas cristalinas dos cristais de neve. Esta vibra\u00e7\u00e3o e padr\u00e3o s\u00e3o ent\u00e3o transmitidos para a Terra, onde se tornam parte do Banco de Mem\u00f3ria da Terra, que \u00e9 mantido no &#8220;Banco de Dados&#8221; Diamante Cristalino, no centro do planeta.<\/p>\n<p>A informa\u00e7\u00e3o est\u00e1 sendo transmitida e recebida principalmente atrav\u00e9s dos Portais da Estrela Polar, no \u00c1rtico e na Ant\u00e1rtida. Isso significa que as transmiss\u00f5es prim\u00e1rias est\u00e3o sendo recebidas pela Lap\u00f4nia e Norte da R\u00fassia, bem como no Canad\u00e1, e pelos pa\u00edses do Sul da Nova Zel\u00e2ndia, Austr\u00e1lia, Argentina e \u00c1frica do Sul. Ondas poderosas da entrada dos c\u00f3digos de luz, est\u00e3o sendo ancorados pelos Guerreiros da Luz e Trabalhadores da Luz nestes locais, bem como por outros em Cidades e Locais sagrados estrat\u00e9gicos na Terra.<\/p>\n<p>SENTINDO OS EFEITOS<\/p>\n<p>Todos sentir\u00e3o os efeitos desta transmiss\u00e3o em algum grau, especialmente se eles forem sens\u00edveis \u00e0 radia\u00e7\u00e3o Solar. Mas os efeitos da onda de S\u00edrio ser\u00e3o sentidos apenas na medida em que a gl\u00e2ndula pineal estiver ativa e trabalhando para receber a transmiss\u00e3o. Uma pessoa cuja gl\u00e2ndula Pineal est\u00e1 inativa, sentir\u00e1 as ondas como instabilidade e raiva, e irrita\u00e7\u00e3o coletiva. Se a Gl\u00e2ndula Pineal estiver envolvida e trabalhando para transmitir as energias, ent\u00e3o, os sintomas ser\u00e3o diferentes.<\/p>\n<p>continua<\/p>\n<p>&nbsp;<\/p>\n","protected":false},"excerpt":{"rendered":"<p>\u00a0Mensagem do Arcanjo Miguel A TRANSMISS\u00c3O DE S\u00cdRIUS E A ATUALIZA\u00c7\u00c3O DO CORPO DE LUZ MULTIDIMENSIONAL: TRANSMISS\u00d5ES DAS SEMENTES DAS ESTRELAS Mensagem de C\u00e9lia Fenn 24 de fevereiro de 2015 Fevereiro foi um m\u00eas mais intenso em termos de mudan\u00e7as de Energia e transforma\u00e7\u00f5es. Isto parece ser um novo padr\u00e3o, pois fevereiro de 2014 foi [&hellip;]<\/p>\n","protected":false},"author":1,"featured_media":0,"comment_status":"open","ping_status":"open","sticky":false,"template":"","format":"standard","meta":{"_mi_skip_tracking":false},"categories":[3],"tags":[],"_links":{"self":[{"href":"https:\/\/www.miguelfaccio.com.br\/blog\/index.php\/wp-json\/wp\/v2\/posts\/3543"}],"collection":[{"href":"https:\/\/www.miguelfaccio.com.br\/blog\/index.php\/wp-json\/wp\/v2\/posts"}],"about":[{"href":"https:\/\/www.miguelfaccio.com.br\/blog\/index.php\/wp-json\/wp\/v2\/types\/post"}],"author":[{"embeddable":true,"href":"https:\/\/www.miguelfaccio.com.br\/blog\/index.php\/wp-json\/wp\/v2\/users\/1"}],"replies":[{"embeddable":true,"href":"https:\/\/www.miguelfaccio.com.br\/blog\/index.php\/wp-json\/wp\/v2\/comments?post=3543"}],"version-history":[{"count":1,"href":"https:\/\/www.miguelfaccio.com.br\/blog\/index.php\/wp-json\/wp\/v2\/posts\/3543\/revisions"}],"predecessor-version":[{"id":3544,"href":"https:\/\/www.miguelfaccio.com.br\/blog\/index.php\/wp-json\/wp\/v2\/posts\/3543\/revisions\/3544"}],"wp:attachment":[{"href":"https:\/\/www.miguelfaccio.com.br\/blog\/index.php\/wp-json\/wp\/v2\/media?parent=3543"}],"wp:term":[{"taxonomy":"category","embeddable":true,"href":"https:\/\/www.miguelfaccio.com.br\/blog\/index.php\/wp-json\/wp\/v2\/categories?post=3543"},{"taxonomy":"post_tag","embeddable":true,"href":"https:\/\/www.miguelfaccio.com.br\/blog\/index.php\/wp-json\/wp\/v2\/tags?post=3543"}],"curies":[{"name":"wp","href":"https:\/\/api.w.org\/{rel}","templated":true}]}}