{"id":3536,"date":"2015-04-21T10:19:40","date_gmt":"2015-04-21T10:19:40","guid":{"rendered":"http:\/\/www.miguelfaccio.com.br\/blog\/?p=3536"},"modified":"2016-04-05T12:58:33","modified_gmt":"2016-04-05T12:58:33","slug":"plv556-livro-5-diario-17122011","status":"publish","type":"post","link":"https:\/\/www.miguelfaccio.com.br\/blog\/index.php\/plv556-livro-5-diario-17122011\/","title":{"rendered":"PLV556 &#8211; Livro 5 &#8211; Di\u00e1rio, 17\/12\/2011"},"content":{"rendered":"<p style=\"text-align: right;\"><strong>17\/12\/2011<\/strong><\/p>\n<p>A ascens\u00e3o planet\u00e1ria &#8211; Jav\u00e9 Ontem \u00e0s 17h42min<\/p>\n<p>Ontem comecei a entender que n\u00e3o d\u00e1 para n\u00f3s, humanos, entendermos o que vai acontecer em 2012. Ou o que j\u00e1 est\u00e1 acontecendo.<\/p>\n<p>Marcio, a express\u00e3o certa n\u00e3o \u00e9 \u201co que est\u00e1 acontecendo\u201d, mas \u201co que vem a ser a ascens\u00e3o planet\u00e1ria\u201d. Considero que todas as tentativas de explicar para voc\u00eas o que vem a ser a ascens\u00e3o da Terra foram falhas. Mas eu ainda tentaria mais uma vez explicar para voc\u00eas o que vem a ser a ascens\u00e3o planet\u00e1ria. A quem me vigie e n\u00e3o deixe que as palavras certas cheguem at\u00e9 voc\u00eas. Mas, aqui nesse momento, vou usar de um artif\u00edcio que raramente uso. Os que me querem ver quieto n\u00e3o v\u00e3o gostar nada disso que vou fazer agora. O que \u00e9 o mesmo que dizer, \u201cvou calar a boca deles por alguns minutos\u201d. Ent\u00e3o, Marcio o que vem a ser a ascens\u00e3o planet\u00e1ria? \u00e9 algo que come\u00e7ou tr\u00eas meses atr\u00e1s e seguir\u00e1 por muito tempo ainda. A raiz de tudo est\u00e1 ligada a voc\u00eas pelo Orbe terrestre em seu movimento no espa\u00e7o. Assim sendo, n\u00e3o tenho muito mais que explicar. O Sol segue sua \u00f3rbita adentrando, \u00e0s vezes, com maior ou menor rapidez na irradia\u00e7\u00e3o que vem do centro da gal\u00e1xia. Na medida em que o Sol j\u00e1 fez essa mesma volta por muitas vezes \u00e9 que eu digo que ele adentrar\u00e1 nessa irradia\u00e7\u00e3o com maior ou menor rapidez. Mas, a diferen\u00e7a \u00e9 de poucos dias, n\u00e3o variando muito mais que um m\u00eas da Terra. Mas, voltando ao assunto, eu diria que, nessa faixa vibrat\u00f3ria que a Terra entra junto com o Sol e todos os planetas que giram em volta do Sol, a forma como voc\u00eas passam a se sentir responde a todas as suas perguntas sobre 2012. Ningu\u00e9m ficar\u00e1 bom da noite para o dia e ningu\u00e9m vai entender a sapi\u00eancia Divina tamb\u00e9m da noite para o dia. Mas, acompanhar a Terra nessa viagem \u00e9 algo que muitos n\u00e3o v\u00e3o conseguir. O que corresponde dizer que nem de longe alguns v\u00e3o aguentar ficar por aqui. Quase na mesma hora que voc\u00eas conseguirem retirar esse peso ruim de suas costas, os que adoram viver nessa situa\u00e7\u00e3o degradante v\u00e3o sentir extrema necessidade de se retirarem da Terra. \u00c9 algo r\u00e1pido? Coisa de meses? Meu filho, tenho em ti a tua m\u00e3o que me serve a\u00ed na Terra. N\u00e3o termine dizendo o que n\u00e3o quero dizer a meus outros filhos desgarrados. Deixe que eles descubram sozinhos, o que lhes reservo. Deixemos que fa\u00e7am seus \u00faltimos atos de rebeldia sem saberem da verdade. Faz\u00ea-los sofrerem por antecipa\u00e7\u00e3o n\u00e3o condiz com meu cora\u00e7\u00e3o. Vivam em paz.<\/p>\n<p>JAV\u00e9<\/p>\n<p>Obrigado Senhor, meu Pai.<\/p>\n","protected":false},"excerpt":{"rendered":"<p>17\/12\/2011 A ascens\u00e3o planet\u00e1ria &#8211; Jav\u00e9 Ontem \u00e0s 17h42min Ontem comecei a entender que n\u00e3o d\u00e1 para n\u00f3s, humanos, entendermos o que vai acontecer em 2012. Ou o que j\u00e1 est\u00e1 acontecendo. Marcio, a express\u00e3o certa n\u00e3o \u00e9 \u201co que est\u00e1 acontecendo\u201d, mas \u201co que vem a ser a ascens\u00e3o planet\u00e1ria\u201d. Considero que todas as [&hellip;]<\/p>\n","protected":false},"author":1,"featured_media":0,"comment_status":"open","ping_status":"open","sticky":false,"template":"","format":"standard","meta":{"_mi_skip_tracking":false},"categories":[11],"tags":[],"_links":{"self":[{"href":"https:\/\/www.miguelfaccio.com.br\/blog\/index.php\/wp-json\/wp\/v2\/posts\/3536"}],"collection":[{"href":"https:\/\/www.miguelfaccio.com.br\/blog\/index.php\/wp-json\/wp\/v2\/posts"}],"about":[{"href":"https:\/\/www.miguelfaccio.com.br\/blog\/index.php\/wp-json\/wp\/v2\/types\/post"}],"author":[{"embeddable":true,"href":"https:\/\/www.miguelfaccio.com.br\/blog\/index.php\/wp-json\/wp\/v2\/users\/1"}],"replies":[{"embeddable":true,"href":"https:\/\/www.miguelfaccio.com.br\/blog\/index.php\/wp-json\/wp\/v2\/comments?post=3536"}],"version-history":[{"count":1,"href":"https:\/\/www.miguelfaccio.com.br\/blog\/index.php\/wp-json\/wp\/v2\/posts\/3536\/revisions"}],"predecessor-version":[{"id":3537,"href":"https:\/\/www.miguelfaccio.com.br\/blog\/index.php\/wp-json\/wp\/v2\/posts\/3536\/revisions\/3537"}],"wp:attachment":[{"href":"https:\/\/www.miguelfaccio.com.br\/blog\/index.php\/wp-json\/wp\/v2\/media?parent=3536"}],"wp:term":[{"taxonomy":"category","embeddable":true,"href":"https:\/\/www.miguelfaccio.com.br\/blog\/index.php\/wp-json\/wp\/v2\/categories?post=3536"},{"taxonomy":"post_tag","embeddable":true,"href":"https:\/\/www.miguelfaccio.com.br\/blog\/index.php\/wp-json\/wp\/v2\/tags?post=3536"}],"curies":[{"name":"wp","href":"https:\/\/api.w.org\/{rel}","templated":true}]}}