{"id":3534,"date":"2015-04-20T11:57:59","date_gmt":"2015-04-20T11:57:59","guid":{"rendered":"http:\/\/www.miguelfaccio.com.br\/blog\/?p=3534"},"modified":"2015-04-20T11:57:59","modified_gmt":"2015-04-20T11:57:59","slug":"rcd491-raios-ou-chamas-2","status":"publish","type":"post","link":"https:\/\/www.miguelfaccio.com.br\/blog\/index.php\/rcd491-raios-ou-chamas-2\/","title":{"rendered":"RCD491- Raios ou Chamas"},"content":{"rendered":"<p style=\"text-align: right;\"><strong><span style=\"color: #ff00ff;\">Mensagem do Arcanjo Miguel<\/span><\/strong><\/p>\n<p style=\"text-align: right;\"><strong>atrav\u00e9s de Ronna<\/strong><\/p>\n<p style=\"text-align: right;\"><strong><span style=\"color: #ff6600;\">SINTONIZAR-SE COM A SUA CONSCI\u00caNCIA ESPIRITUAL<\/span><\/strong><\/p>\n<p><strong>continua\u00e7\u00e3o<\/strong><\/p>\n<p>\u00c9 evidente em cada faceta da exist\u00eancia terrena, que a humanidade est\u00e1 despertando do sonho da ilus\u00e3o das \u00e9pocas passadas, \u00e0 medida que a Luz renovadora da Consci\u00eancia Divina penetra em toda a Cria\u00e7\u00e3o. Voc\u00eas est\u00e3o lan\u00e7ando as bases para as vindouras d\u00e9cadas de mudan\u00e7a. Conforme observamos, podemos ver as energias que formam os futuros prov\u00e1veis, e como mudam por meio da utiliza\u00e7\u00e3o do seu livre arb\u00edtrio. \u00c9 por isso que ningu\u00e9m, e repetimos, ningu\u00e9m, pode predizer o futuro com certeza, porque o uso do livre arb\u00edtrio \u00e9 sempre o fator determinante. Fervorosamente lhes perguntamos: \u201cVoc\u00eas est\u00e3o dispostos a tirar o m\u00e1ximo proveito do seu dom do livre arb\u00edtrio, concedido por Deus? Est\u00e3o dispostos a se empenhar em fazer as mais elevadas escolhas que lhes est\u00e3o dispon\u00edveis? Ao assim fazer, voc\u00eas ir\u00e3o acrescentar a sua energia ao futuro potencial mais elevado para toda a humanidade. Voc\u00eas s\u00e3o muito mais poderosos do que imaginam. Enquanto se re\u00fanem em ora\u00e7\u00e3o para o bem maior de todos, voc\u00eas t\u00eam as capacidades potenciais para desviar guerras, interromper a destrui\u00e7\u00e3o devastadora da Terra e ajudar na cria\u00e7\u00e3o da paz e da abund\u00e2ncia para todos.<\/p>\n<p>Todos e cada um de voc\u00eas s\u00e3o respons\u00e1veis pela energia que atraem do Banco C\u00f3smico da Subst\u00e2ncia da Vida Divina, as Part\u00edculas Adamantinas da Luz do Criador. Como voc\u00eas est\u00e3o gastando a sua heran\u00e7a espiritual? \u00c0 medida que nos envolvemos nessa etapa importante da evolu\u00e7\u00e3o, juntos, queiram dedicar tempo para definir o seu compromisso consigo mesmos e com a sua fam\u00edlia espiritual. Quando voc\u00eas permitem que os grilh\u00f5es do tempo\/espa\u00e7o e a densidade das dimens\u00f5es inferiores desapare\u00e7am, as suas vis\u00f5es ficam agu\u00e7adas e claras, e voc\u00eas n\u00e3o colocar\u00e3o expectativas ou restri\u00e7\u00f5es em como ou quando elas v\u00e3o se manifestar. Sua determina\u00e7\u00e3o ganhar\u00e1 for\u00e7a e voc\u00eas confiantemente avan\u00e7ar\u00e3o, com facilidade e gra\u00e7a, porque o seu mantra \u00e9: \u201cPe\u00e7o o bem maior para todos\u201d.<\/p>\n<p>Juntem-se a n\u00f3s, amados, ao manifestar as escolhas mais elevadas dentro do Plano Divino do Criador para a Era vindoura. Come\u00e7amos esta jornada juntos, com grande alegria e expectativa, e quando nos reunirmos novamente, em nossa celebra\u00e7\u00e3o da vit\u00f3ria, acrescentaremos: Bem feito, valentes guerreiros da Luz, bem feito!<\/p>\n<p>EU SOU Arcanjo Miguel e trago-lhes essas verdades.<\/p>\n","protected":false},"excerpt":{"rendered":"<p>Mensagem do Arcanjo Miguel atrav\u00e9s de Ronna SINTONIZAR-SE COM A SUA CONSCI\u00caNCIA ESPIRITUAL continua\u00e7\u00e3o \u00c9 evidente em cada faceta da exist\u00eancia terrena, que a humanidade est\u00e1 despertando do sonho da ilus\u00e3o das \u00e9pocas passadas, \u00e0 medida que a Luz renovadora da Consci\u00eancia Divina penetra em toda a Cria\u00e7\u00e3o. Voc\u00eas est\u00e3o lan\u00e7ando as bases para as [&hellip;]<\/p>\n","protected":false},"author":1,"featured_media":0,"comment_status":"open","ping_status":"open","sticky":false,"template":"","format":"standard","meta":{"_mi_skip_tracking":false},"categories":[3],"tags":[],"_links":{"self":[{"href":"https:\/\/www.miguelfaccio.com.br\/blog\/index.php\/wp-json\/wp\/v2\/posts\/3534"}],"collection":[{"href":"https:\/\/www.miguelfaccio.com.br\/blog\/index.php\/wp-json\/wp\/v2\/posts"}],"about":[{"href":"https:\/\/www.miguelfaccio.com.br\/blog\/index.php\/wp-json\/wp\/v2\/types\/post"}],"author":[{"embeddable":true,"href":"https:\/\/www.miguelfaccio.com.br\/blog\/index.php\/wp-json\/wp\/v2\/users\/1"}],"replies":[{"embeddable":true,"href":"https:\/\/www.miguelfaccio.com.br\/blog\/index.php\/wp-json\/wp\/v2\/comments?post=3534"}],"version-history":[{"count":1,"href":"https:\/\/www.miguelfaccio.com.br\/blog\/index.php\/wp-json\/wp\/v2\/posts\/3534\/revisions"}],"predecessor-version":[{"id":3535,"href":"https:\/\/www.miguelfaccio.com.br\/blog\/index.php\/wp-json\/wp\/v2\/posts\/3534\/revisions\/3535"}],"wp:attachment":[{"href":"https:\/\/www.miguelfaccio.com.br\/blog\/index.php\/wp-json\/wp\/v2\/media?parent=3534"}],"wp:term":[{"taxonomy":"category","embeddable":true,"href":"https:\/\/www.miguelfaccio.com.br\/blog\/index.php\/wp-json\/wp\/v2\/categories?post=3534"},{"taxonomy":"post_tag","embeddable":true,"href":"https:\/\/www.miguelfaccio.com.br\/blog\/index.php\/wp-json\/wp\/v2\/tags?post=3534"}],"curies":[{"name":"wp","href":"https:\/\/api.w.org\/{rel}","templated":true}]}}