{"id":3528,"date":"2015-04-19T12:54:08","date_gmt":"2015-04-19T12:54:08","guid":{"rendered":"http:\/\/www.miguelfaccio.com.br\/blog\/?p=3528"},"modified":"2015-04-19T12:54:08","modified_gmt":"2015-04-19T12:54:08","slug":"rcd490-raios-ou-chamas-2","status":"publish","type":"post","link":"https:\/\/www.miguelfaccio.com.br\/blog\/index.php\/rcd490-raios-ou-chamas-2\/","title":{"rendered":"RCD490- Raios ou Chamas"},"content":{"rendered":"<p style=\"text-align: right;\"><strong><span style=\"color: #ff00ff;\">Mensagem do Arcanjo Miguel<\/span><\/strong><\/p>\n<p style=\"text-align: right;\"><strong>atrav\u00e9s de Ronna<\/strong><\/p>\n<p style=\"text-align: right;\"><strong><span style=\"color: #ff6600;\">SINTONIZAR-SE COM A SUA CONSCI\u00caNCIA ESPIRITUAL<\/span><\/strong><\/p>\n<p><strong>continua\u00e7\u00e3o<\/strong><\/p>\n<p>\u00c0 medida que entram em sintonia com as frequ\u00eancias superiores de Luz, voc\u00eas v\u00e3o se acostumar com o fluxo da Respira\u00e7\u00e3o do Fogo Sagrado, que foi chamado de Rio da Vida\/Amor\/Luz. H\u00e1 uma corrente de conhecimento oculto, poderoso e radiante codificado nesse Rio da Vida. \u00c9 um c\u00f3digo de g\u00eanio criativo; todavia, voc\u00eas precisam conectar-se com a sabedoria da Mente Sagrada e do Eu da Alma a fim de acessar esse poder inato.<\/p>\n<p>Tamb\u00e9m desejamos lembrar-lhes de que as suas m\u00e3os s\u00e3o um dos elos com o c\u00e9rebro mais altamente desenvolvidos, visto que existem cristais geradores, et\u00e9ricos, embutidos nas palmas das m\u00e3os. Eles foram projetados para ser alguns dos impulsos eletromagn\u00e9ticos mais fortes do ve\u00edculo f\u00edsico. \u00c9 por isso que os que ativaram ou desenvolveram o poder de cura das m\u00e3os s\u00e3o t\u00e3o eficazes nas artes da cura. No futuro, voc\u00eas ter\u00e3o o potencial de reabilitar as c\u00e9lulas de mem\u00f3ria das pontas dos seus dedos para que possam acessar informa\u00e7\u00f5es conscientes e inconscientes por meio do toque.<\/p>\n<p>Um bom exerc\u00edcio seria segurar um cristal que voc\u00eas programaram para si mesmos, como um cristal gerador de cura, em uma das m\u00e3os, enquanto se concentram em ativar as capacidades de cura nas palmas de suas m\u00e3os. Por meio do exerc\u00edcio da Respira\u00e7\u00e3o do Infinito, concentrem-se em enviar\/sentir as Part\u00edculas Adamantinas de Luz em suas palmas. As palmas podem ficar muito quentes ou come\u00e7ar a formigar. Pode levar algum tempo para que voc\u00eas sintam as sensa\u00e7\u00f5es. No entanto, voc\u00eas obter\u00e3o, gradativamente, a capacidade de enviar a Luz curadora do Criador para partes localizadas em seu pr\u00f3prio corpo. A cura do futuro incluir\u00e1 curadores iluminados, din\u00e2micos, com a capacidade de enviar raios de cura da Luz Divina, quase como o laser, aos seus pacientes. O Reiki e outras modalidades de energia s\u00e3o baseados nesse conhecimento esot\u00e9rico antigo.<\/p>\n<p>Voc\u00eas, as Sementes das Estrelas, est\u00e3o despertando para a conscientiza\u00e7\u00e3o da sua Heran\u00e7a Celestial, que foi codificada nos Cristais do \u00c1tomo-Semente, e armazenados em sua Mente Sagrada. Al\u00e9m disso, estejam cientes de que existe uma hist\u00f3ria magn\u00edfica de bravura e excel\u00eancia, tecida na jornada violenta, e muitas vezes tediosa, da evolu\u00e7\u00e3o humana. Voc\u00eas est\u00e3o experimentando uma ressurrei\u00e7\u00e3o das capacidades extra-sensoriais e da consci\u00eancia superior, que estiveram latentes durante muito tempo. Todavia, \u00e9 preciso dedica\u00e7\u00e3o e esfor\u00e7o para abrir a porta selada para a sua sabedoria interior, a Mente Sagrada. \u00c9 de suma import\u00e2ncia que voc\u00eas aprendam a confiar em sua pr\u00f3pria orienta\u00e7\u00e3o interna novamente. Um cora\u00e7\u00e3o amoroso e grato purifica a consci\u00eancia e produz tranquilidade e paz mental. Desenvolve-se em um constante Estado de Ser e n\u00e3o apenas em uma pr\u00e1tica ocasional.<\/p>\n<p>continua<\/p>\n","protected":false},"excerpt":{"rendered":"<p>Mensagem do Arcanjo Miguel atrav\u00e9s de Ronna SINTONIZAR-SE COM A SUA CONSCI\u00caNCIA ESPIRITUAL continua\u00e7\u00e3o \u00c0 medida que entram em sintonia com as frequ\u00eancias superiores de Luz, voc\u00eas v\u00e3o se acostumar com o fluxo da Respira\u00e7\u00e3o do Fogo Sagrado, que foi chamado de Rio da Vida\/Amor\/Luz. H\u00e1 uma corrente de conhecimento oculto, poderoso e radiante codificado [&hellip;]<\/p>\n","protected":false},"author":1,"featured_media":0,"comment_status":"open","ping_status":"open","sticky":false,"template":"","format":"standard","meta":{"_mi_skip_tracking":false},"categories":[3],"tags":[],"_links":{"self":[{"href":"https:\/\/www.miguelfaccio.com.br\/blog\/index.php\/wp-json\/wp\/v2\/posts\/3528"}],"collection":[{"href":"https:\/\/www.miguelfaccio.com.br\/blog\/index.php\/wp-json\/wp\/v2\/posts"}],"about":[{"href":"https:\/\/www.miguelfaccio.com.br\/blog\/index.php\/wp-json\/wp\/v2\/types\/post"}],"author":[{"embeddable":true,"href":"https:\/\/www.miguelfaccio.com.br\/blog\/index.php\/wp-json\/wp\/v2\/users\/1"}],"replies":[{"embeddable":true,"href":"https:\/\/www.miguelfaccio.com.br\/blog\/index.php\/wp-json\/wp\/v2\/comments?post=3528"}],"version-history":[{"count":1,"href":"https:\/\/www.miguelfaccio.com.br\/blog\/index.php\/wp-json\/wp\/v2\/posts\/3528\/revisions"}],"predecessor-version":[{"id":3529,"href":"https:\/\/www.miguelfaccio.com.br\/blog\/index.php\/wp-json\/wp\/v2\/posts\/3528\/revisions\/3529"}],"wp:attachment":[{"href":"https:\/\/www.miguelfaccio.com.br\/blog\/index.php\/wp-json\/wp\/v2\/media?parent=3528"}],"wp:term":[{"taxonomy":"category","embeddable":true,"href":"https:\/\/www.miguelfaccio.com.br\/blog\/index.php\/wp-json\/wp\/v2\/categories?post=3528"},{"taxonomy":"post_tag","embeddable":true,"href":"https:\/\/www.miguelfaccio.com.br\/blog\/index.php\/wp-json\/wp\/v2\/tags?post=3528"}],"curies":[{"name":"wp","href":"https:\/\/api.w.org\/{rel}","templated":true}]}}