{"id":3526,"date":"2015-04-19T12:50:15","date_gmt":"2015-04-19T12:50:15","guid":{"rendered":"http:\/\/www.miguelfaccio.com.br\/blog\/?p=3526"},"modified":"2016-04-05T12:57:59","modified_gmt":"2016-04-05T12:57:59","slug":"plv554-livro-5-diario-15122011","status":"publish","type":"post","link":"https:\/\/www.miguelfaccio.com.br\/blog\/index.php\/plv554-livro-5-diario-15122011\/","title":{"rendered":"PLV554 &#8211; Livro 5 &#8211; Di\u00e1rio, 15\/12\/2011"},"content":{"rendered":"<p style=\"text-align: right;\"><strong>15\/12\/2011<\/strong><\/p>\n<p>A trajet\u00f3ria do esp\u00edrito rumo a seu objetivo de vida \u00e9 a mestria. Ela j\u00e1 est\u00e1 impressa em nosso ser desde nossa cria\u00e7\u00e3o como individualidade espiritual consciente. \u00c9 uma lei estabelecida por Deus. Ela deve ser o alvo de todas as nossas a\u00e7\u00f5es. Como o V\u00e9u de Maya encobriu nossa identidade espiritual, precisamos nos apegar a nossa intui\u00e7\u00e3o, como diretriz de nossa conduta. Podemos dizer que a intui\u00e7\u00e3o \u00e9 a conversa que nosso Eu superior tenta passar para o eu f\u00edsico, a consci\u00eancia f\u00edsica, as informa\u00e7\u00f5es que nosso consciente n\u00e3o tem. Por isso ela \u00e9 t\u00e3o importante para nosso desenvolvimento. A dificuldade \u00e9 porque nosso consciente f\u00edsico s\u00f3 tem registros do que vivenciou, ao passo que nosso esp\u00edrito tem a consci\u00eancia de todas as vidas na mat\u00e9ria e fora dela, somente n\u00e3o consegue transmitir para o consciente f\u00edsico, ent\u00e3o usa a intui\u00e7\u00e3o como forma de comunica\u00e7\u00e3o entre o ser f\u00edsico e o ser espiritual.<\/p>\n","protected":false},"excerpt":{"rendered":"<p>15\/12\/2011 A trajet\u00f3ria do esp\u00edrito rumo a seu objetivo de vida \u00e9 a mestria. Ela j\u00e1 est\u00e1 impressa em nosso ser desde nossa cria\u00e7\u00e3o como individualidade espiritual consciente. \u00c9 uma lei estabelecida por Deus. Ela deve ser o alvo de todas as nossas a\u00e7\u00f5es. Como o V\u00e9u de Maya encobriu nossa identidade espiritual, precisamos nos [&hellip;]<\/p>\n","protected":false},"author":1,"featured_media":0,"comment_status":"open","ping_status":"open","sticky":false,"template":"","format":"standard","meta":{"_mi_skip_tracking":false},"categories":[11],"tags":[],"_links":{"self":[{"href":"https:\/\/www.miguelfaccio.com.br\/blog\/index.php\/wp-json\/wp\/v2\/posts\/3526"}],"collection":[{"href":"https:\/\/www.miguelfaccio.com.br\/blog\/index.php\/wp-json\/wp\/v2\/posts"}],"about":[{"href":"https:\/\/www.miguelfaccio.com.br\/blog\/index.php\/wp-json\/wp\/v2\/types\/post"}],"author":[{"embeddable":true,"href":"https:\/\/www.miguelfaccio.com.br\/blog\/index.php\/wp-json\/wp\/v2\/users\/1"}],"replies":[{"embeddable":true,"href":"https:\/\/www.miguelfaccio.com.br\/blog\/index.php\/wp-json\/wp\/v2\/comments?post=3526"}],"version-history":[{"count":1,"href":"https:\/\/www.miguelfaccio.com.br\/blog\/index.php\/wp-json\/wp\/v2\/posts\/3526\/revisions"}],"predecessor-version":[{"id":3527,"href":"https:\/\/www.miguelfaccio.com.br\/blog\/index.php\/wp-json\/wp\/v2\/posts\/3526\/revisions\/3527"}],"wp:attachment":[{"href":"https:\/\/www.miguelfaccio.com.br\/blog\/index.php\/wp-json\/wp\/v2\/media?parent=3526"}],"wp:term":[{"taxonomy":"category","embeddable":true,"href":"https:\/\/www.miguelfaccio.com.br\/blog\/index.php\/wp-json\/wp\/v2\/categories?post=3526"},{"taxonomy":"post_tag","embeddable":true,"href":"https:\/\/www.miguelfaccio.com.br\/blog\/index.php\/wp-json\/wp\/v2\/tags?post=3526"}],"curies":[{"name":"wp","href":"https:\/\/api.w.org\/{rel}","templated":true}]}}