{"id":3510,"date":"2015-04-15T12:20:27","date_gmt":"2015-04-15T12:20:27","guid":{"rendered":"http:\/\/www.miguelfaccio.com.br\/blog\/?p=3510"},"modified":"2016-04-05T12:57:05","modified_gmt":"2016-04-05T12:57:05","slug":"plv550-livro-5-diario-11122011","status":"publish","type":"post","link":"https:\/\/www.miguelfaccio.com.br\/blog\/index.php\/plv550-livro-5-diario-11122011\/","title":{"rendered":"PLV550 &#8211; Livro 5 &#8211; Di\u00e1rio, 11\/12\/2011"},"content":{"rendered":"<p style=\"text-align: right;\"><strong>11\/12\/2011<\/strong><\/p>\n<p>Precisamos voltar \u00e0s ra\u00edzes. Reaver os princ\u00edpios que nortearam o nosso proceder quando est\u00e1vamos no Jardim do \u00c9den. Deixamos a conviv\u00eancia do amor para nos embrenhar na dualidade. Foi a\u00ed que nos perdemos e que nos causou muito carma para ser resgatado. A dualidade rompeu o nosso v\u00ednculo com o amor puro e desinteressado. Come\u00e7amos a viver para o eu e somente o meu. Os outros s\u00f3 serviam para enriquecer o meu. Surgiu o orgulho e as vaidades humanas destruindo a liga\u00e7\u00e3o que prendia a todos os seres. A filia\u00e7\u00e3o Divina, la\u00e7o indissol\u00favel que p\u00f5e todos os seres em um mesmo n\u00edvel, irm\u00e3os por cria\u00e7\u00e3o, foi esquecido. As sombras fizeram a sua parte e o ser humano que se considerava inteligente e superior a todos, tornou-se escravo. Escravo na alma, porque se deixou dominar por falsa sensa\u00e7\u00e3o de poder. Poder fal\u00edvel, porque embrenhou o esp\u00edrito humano no maior loda\u00e7al. Urgentemente precisa sair da\u00ed, a roda do tempo est\u00e1 completando o seu giro.<\/p>\n","protected":false},"excerpt":{"rendered":"<p>11\/12\/2011 Precisamos voltar \u00e0s ra\u00edzes. Reaver os princ\u00edpios que nortearam o nosso proceder quando est\u00e1vamos no Jardim do \u00c9den. Deixamos a conviv\u00eancia do amor para nos embrenhar na dualidade. Foi a\u00ed que nos perdemos e que nos causou muito carma para ser resgatado. A dualidade rompeu o nosso v\u00ednculo com o amor puro e desinteressado. [&hellip;]<\/p>\n","protected":false},"author":1,"featured_media":0,"comment_status":"open","ping_status":"open","sticky":false,"template":"","format":"standard","meta":{"_mi_skip_tracking":false},"categories":[11],"tags":[],"_links":{"self":[{"href":"https:\/\/www.miguelfaccio.com.br\/blog\/index.php\/wp-json\/wp\/v2\/posts\/3510"}],"collection":[{"href":"https:\/\/www.miguelfaccio.com.br\/blog\/index.php\/wp-json\/wp\/v2\/posts"}],"about":[{"href":"https:\/\/www.miguelfaccio.com.br\/blog\/index.php\/wp-json\/wp\/v2\/types\/post"}],"author":[{"embeddable":true,"href":"https:\/\/www.miguelfaccio.com.br\/blog\/index.php\/wp-json\/wp\/v2\/users\/1"}],"replies":[{"embeddable":true,"href":"https:\/\/www.miguelfaccio.com.br\/blog\/index.php\/wp-json\/wp\/v2\/comments?post=3510"}],"version-history":[{"count":1,"href":"https:\/\/www.miguelfaccio.com.br\/blog\/index.php\/wp-json\/wp\/v2\/posts\/3510\/revisions"}],"predecessor-version":[{"id":3511,"href":"https:\/\/www.miguelfaccio.com.br\/blog\/index.php\/wp-json\/wp\/v2\/posts\/3510\/revisions\/3511"}],"wp:attachment":[{"href":"https:\/\/www.miguelfaccio.com.br\/blog\/index.php\/wp-json\/wp\/v2\/media?parent=3510"}],"wp:term":[{"taxonomy":"category","embeddable":true,"href":"https:\/\/www.miguelfaccio.com.br\/blog\/index.php\/wp-json\/wp\/v2\/categories?post=3510"},{"taxonomy":"post_tag","embeddable":true,"href":"https:\/\/www.miguelfaccio.com.br\/blog\/index.php\/wp-json\/wp\/v2\/tags?post=3510"}],"curies":[{"name":"wp","href":"https:\/\/api.w.org\/{rel}","templated":true}]}}