{"id":3508,"date":"2015-04-14T12:06:18","date_gmt":"2015-04-14T12:06:18","guid":{"rendered":"http:\/\/www.miguelfaccio.com.br\/blog\/?p=3508"},"modified":"2015-04-14T12:06:18","modified_gmt":"2015-04-14T12:06:18","slug":"rcd485-raios-ou-chamas-2","status":"publish","type":"post","link":"https:\/\/www.miguelfaccio.com.br\/blog\/index.php\/rcd485-raios-ou-chamas-2\/","title":{"rendered":"RCD485- Raios ou Chamas"},"content":{"rendered":"<p><strong><span style=\"color: #ff00ff;\">Mensagem do Arcanjo Miguel<\/span><\/strong><\/p>\n<p><strong>atrav\u00e9s de Ronna\u00a0<\/strong><\/p>\n<p><strong><span style=\"color: #ff6600;\">TORNAR-SE UM M\u00cdSTICO PR\u00c1TICO<\/span><\/strong><\/p>\n<p>continua\u00e7\u00e3o Conforme disse anteriormente, todos os Subuniversos, dentro deste Universo, est\u00e3o experimentando um megaciclo de impulsos de Luz, que est\u00e3o sendo irradiados diretamente de dentro do N\u00facleo do Cora\u00e7\u00e3o do Criador Supremo. As oitavas refinadas da Luz do Criador est\u00e3o dispon\u00edveis para todos, em qualquer n\u00edvel que cada Ser tenha preparado seu recipiente para aceit\u00e1-las e integr\u00e1-las. A Luz n\u00e3o pode come\u00e7ar a se infiltrar nas frequ\u00eancias est\u00e1ticas ou confusas, que constituem o vaso f\u00edsico da Terceira Dimens\u00e3o e da Quarta inferior, sem a permiss\u00e3o do recipiente, e sem uma abertura do centro do cora\u00e7\u00e3o. O Eu An\u00edmico, a Superalma\/Eu Superior, e o seu \u00c1tomo-Semente est\u00e3o aguardando pelo sinal de frequ\u00eancia comunicando que voc\u00eas est\u00e3o prontos para come\u00e7ar o processo de abertura dos canais de Luz que cont\u00eam as Part\u00edculas Adamantinas da Vida Eterna. A Luz Divina penetra em seu DNA, e cada \u00c1tomo dentro dos seus diversos sistemas corp\u00f3reos \u00e9 preenchido com a Luz em um grau ou outro. Se n\u00e3o fosse assim, voc\u00eas n\u00e3o poderiam existir. Chegou a hora de desbloquear o fluxo da Luz Divina de dentro e de fora.<\/p>\n<p>Imaginem bilh\u00f5es de min\u00fasculas Part\u00edculas de Luz sendo ativadas dentro do seu corpo f\u00edsico, e bilh\u00f5es mais irradiando-se da sua Superalma\/Eu Superior sob a forma de cintilantes Pir\u00e2mides de Luz de Cristal Diamantino. Vejam-se envolvidos em uma aura dourada de Luz C\u00f3smica, e, ent\u00e3o, observem como o seu Ciclo de Amor\/Luz come\u00e7a a se expandir. Saibam que voc\u00eas est\u00e3o imitando o Criador \u00e0 medida que dizem para si mesmos: \u201cHaja Luz.\u201d Agora, observem como o seu exclusivo Feixe de Luz Divina flui diante de voc\u00eas, suavizando, harmonizando, elevando e transformando, por meio de todos os Elementos da maravilhosa e refinada Energia Criativa.<\/p>\n<p>\u00c0 medida que se tornarem competentes em se mover para tr\u00e1s e para frente entre a sua Pir\u00e2mide de Luz penta dimensional e o C\u00edrculo de Luz, que voc\u00eas constru\u00edram ao redor de si mesmos, na Terceira e Quarta Dimens\u00f5es, a sua Mente e o seu Cora\u00e7\u00e3o Sagrados come\u00e7am a florescer e a se expandir com o fluxo cont\u00ednuo da Vontade Divina, do Amor e da Sabedoria de sua Superalma\/Eu Superior. Em resultado, o seu mundo come\u00e7ar\u00e1 a refletir os seus desejos mais elevados, sua esfera de influ\u00eancia se expandir\u00e1, e voc\u00eas v\u00e3o atrair aqueles que est\u00e3o em harmonia com as frequ\u00eancias refinadas\/ideais que voc\u00eas agora incorporam. Juntos, voc\u00eas tornar-se-\u00e3o participantes ativos em urdir o t\u00eanue tecido da nova realidade que est\u00e1 nascendo na Terra.<\/p>\n<p>Como parte do seu processo de transforma\u00e7\u00e3o, voc\u00eas est\u00e3o, mais uma vez, conscientizando-se das energias e da utiliza\u00e7\u00e3o dos cristais e pedras preciosas encontradas no interior da Terra. Eles tamb\u00e9m cont\u00eam uma parte da Luz do Criador. Foram projetados para ajud\u00e1-los a purificar e equilibrar as energias em seu recipiente corp\u00f3reo. Todavia, voc\u00eas precisam entrar em sintonia com as suas energias especializadas, e, em seguida, program\u00e1-los por meio da sua inten\u00e7\u00e3o. Eles est\u00e3o \u00e1vidos para trabalhar com voc\u00eas, porque, conforme voc\u00eas despertam e entram em harmonia com as frequ\u00eancias superiores, eles tamb\u00e9m o fazem. Os grandes Cristais Sentinelas, Sencientes** que ressoaram com a Can\u00e7\u00e3o da Alma original de sua M\u00e3e Terra, foram colocados estrategicamente ao redor do planeta durante o processo inicial da manifesta\u00e7\u00e3o. Eles est\u00e3o agora sendo sintonizados com o novo Modelo Divino para a Terra e a humanidade. Conforme lhes dissemos anteriormente, eles agem como receptores, transmissores e emissores de energia e de informa\u00e7\u00f5es, ao redor do mundo e at\u00e9 em dire\u00e7\u00e3o ao sistema solar e \u00e0 gal\u00e1xia. Existem tamb\u00e9m Cristais Guardi\u00e3es do Registro, tanto grandes quanto pequenos, e eles j\u00e1 est\u00e3o prontos para ajud\u00e1-los a ativar os \u00c1tomos-Sementes da Mem\u00f3ria em sua Mente Sagrada, que v\u00e3o auxili\u00e1-los a desbloquear o mist\u00e9rio e a sabedoria do seu passado remoto. Os reinos mineral, vegetal e animal est\u00e3o tamb\u00e9m em um estado de transforma\u00e7\u00e3o para uma consci\u00eancia superior renovada \u2013 ningu\u00e9m ser\u00e1 deixado para tr\u00e1s \u2013 todos est\u00e3o em um estado de transforma\u00e7\u00e3o e de grande despertar.<\/p>\n<p>** Senciente (sens\u00edvel, suscet\u00edvel, consciente). Sentinela (vigia\/guarda). (R)<\/p>\n<p>\u00c9 uma \u00e9poca de liberta\u00e7\u00e3o, queridos. O desejo de liberdade est\u00e1 cada vez mais forte no cora\u00e7\u00e3o de todo Ser senciente na Terra. \u00c9 tamb\u00e9m o momento de reunir-se. Mesmo quando voc\u00eas est\u00e3o sendo reunidos com as suas fam\u00edlias de Alma\/Estelares, n\u00f3s dos Reinos Superiores estamos tamb\u00e9m juntando for\u00e7as. Durante muitas eras, a humanidade foi desconectada da plena e din\u00e2mica Presen\u00e7a do Eu An\u00edmico, e tamb\u00e9m do Reino Ang\u00e9lico. Mas, agora, estamos nos reunindo para criar uma sobreposi\u00e7\u00e3o sin\u00e9rgica da consci\u00eancia que estar\u00e1 dispon\u00edvel a todos que estiverem preparados para fazerem parte dos esfor\u00e7os da Equipe da Luz Viva. Utilizamos essa express\u00e3o porque voc\u00eas est\u00e3o confort\u00e1veis com ela, e ela d\u00e1 in\u00edcio a um quadro mental de muitos trabalhando juntos em harmonia, com prop\u00f3sito, e para um objetivo comum. \u00c9 de vital import\u00e2ncia que voc\u00eas compreendam: existem grandes e magn\u00edficas Pir\u00e2mides de Luz em todos os subplanos da Quinta Dimens\u00e3o, onde s\u00e3o facilmente acess\u00edveis para aqueles de voc\u00eas que tenham feito o seu trabalho de Alma\/Cora\u00e7\u00e3o, e se sintonizaram com os seus ve\u00edculos f\u00edsicos, pelo menos, com as frequ\u00eancias da Quarta Dimens\u00e3o da Luz Divina. Dentro dessas Pir\u00e2mides est\u00e3o todos os componentes da Luz do Criador, que voc\u00eas precisam para criar qualquer coisa que desejarem, para o bem mais elevado de todos. Estamos aguardando l\u00e1, para juntar-nos a voc\u00eas e nos tornarmos co-criadores. Portanto, tragam as suas vis\u00f5es e inten\u00e7\u00f5es puras para a sua Pir\u00e2mide de Luz penta dimensional e reivindiquem os milagres que os aguardam.<\/p>\n<p>Meus fi\u00e9is Portadores da Luz, voc\u00eas est\u00e3o despertando de um estado de sonho crepuscular, em que durante muitos eons, voc\u00eas existiram em uma dieta de fome de Luz de Meio Espectro. Abram os seus cora\u00e7\u00f5es e as suas mentes e expandam a sua vis\u00e3o para incorporar ao seu pleno legado de virtudes, atributos e qualidades da Consci\u00eancia Divina. \u00c9 nosso maior prazer ajudar, inspirar e proteger a todos voc\u00eas em sua jornada de volta aos reinos de Luz. Saibam que voc\u00eas s\u00e3o amados muito profundamente.<\/p>\n<p>EU SOU Arcanjo Miguel<\/p>\n","protected":false},"excerpt":{"rendered":"<p>Mensagem do Arcanjo Miguel atrav\u00e9s de Ronna\u00a0 TORNAR-SE UM M\u00cdSTICO PR\u00c1TICO continua\u00e7\u00e3o Conforme disse anteriormente, todos os Subuniversos, dentro deste Universo, est\u00e3o experimentando um megaciclo de impulsos de Luz, que est\u00e3o sendo irradiados diretamente de dentro do N\u00facleo do Cora\u00e7\u00e3o do Criador Supremo. As oitavas refinadas da Luz do Criador est\u00e3o dispon\u00edveis para todos, em [&hellip;]<\/p>\n","protected":false},"author":1,"featured_media":0,"comment_status":"open","ping_status":"open","sticky":false,"template":"","format":"standard","meta":{"_mi_skip_tracking":false},"categories":[3],"tags":[],"_links":{"self":[{"href":"https:\/\/www.miguelfaccio.com.br\/blog\/index.php\/wp-json\/wp\/v2\/posts\/3508"}],"collection":[{"href":"https:\/\/www.miguelfaccio.com.br\/blog\/index.php\/wp-json\/wp\/v2\/posts"}],"about":[{"href":"https:\/\/www.miguelfaccio.com.br\/blog\/index.php\/wp-json\/wp\/v2\/types\/post"}],"author":[{"embeddable":true,"href":"https:\/\/www.miguelfaccio.com.br\/blog\/index.php\/wp-json\/wp\/v2\/users\/1"}],"replies":[{"embeddable":true,"href":"https:\/\/www.miguelfaccio.com.br\/blog\/index.php\/wp-json\/wp\/v2\/comments?post=3508"}],"version-history":[{"count":1,"href":"https:\/\/www.miguelfaccio.com.br\/blog\/index.php\/wp-json\/wp\/v2\/posts\/3508\/revisions"}],"predecessor-version":[{"id":3509,"href":"https:\/\/www.miguelfaccio.com.br\/blog\/index.php\/wp-json\/wp\/v2\/posts\/3508\/revisions\/3509"}],"wp:attachment":[{"href":"https:\/\/www.miguelfaccio.com.br\/blog\/index.php\/wp-json\/wp\/v2\/media?parent=3508"}],"wp:term":[{"taxonomy":"category","embeddable":true,"href":"https:\/\/www.miguelfaccio.com.br\/blog\/index.php\/wp-json\/wp\/v2\/categories?post=3508"},{"taxonomy":"post_tag","embeddable":true,"href":"https:\/\/www.miguelfaccio.com.br\/blog\/index.php\/wp-json\/wp\/v2\/tags?post=3508"}],"curies":[{"name":"wp","href":"https:\/\/api.w.org\/{rel}","templated":true}]}}