{"id":3506,"date":"2015-04-14T12:04:15","date_gmt":"2015-04-14T12:04:15","guid":{"rendered":"http:\/\/www.miguelfaccio.com.br\/blog\/?p=3506"},"modified":"2016-04-05T12:56:56","modified_gmt":"2016-04-05T12:56:56","slug":"plv549-livro-5-diario-10122011","status":"publish","type":"post","link":"https:\/\/www.miguelfaccio.com.br\/blog\/index.php\/plv549-livro-5-diario-10122011\/","title":{"rendered":"PLV549 &#8211; Livro 5 &#8211; Di\u00e1rio, 10\/12\/2011"},"content":{"rendered":"<p style=\"text-align: right;\"><strong>10\/12\/2011<\/strong><\/p>\n<p>A humanidade precisa passar por sete grandes Ra\u00e7as-Raiz, que, por sua vez, s\u00e3o compostas por sete sub-ra\u00e7as. \u00c9 a experiencia\u00e7\u00e3o que todo o esp\u00edrito humano precisa para desenvolver-se plenamente. Cada uma dessas sub-ra\u00e7as desenvolve-se por milh\u00f5es de anos, tempo necess\u00e1rio para complementa\u00e7\u00e3o e fixa\u00e7\u00e3o do desenvolvimento necess\u00e1rio para a ascens\u00e3o \u00e0 sub-ra\u00e7a ou ra\u00e7a seguinte. Todos n\u00f3s tivemos o come\u00e7o de nossa exist\u00eancia na total ignor\u00e2ncia. Tudo precis\u00e1vamos aprender. Os nossos sentidos, hoje propriamente desenvolvidos inexistiam. Come\u00e7aram a desenvolver-se lentamente. Foram est\u00e1gios necess\u00e1rios sem os quais n\u00e3o ter\u00edamos condi\u00e7\u00f5es de alcan\u00e7ar nosso est\u00e1gio atual de desenvolvimento.<\/p>\n<p>Em nossa cria\u00e7\u00e3o como individualidades, Deus nos deu uma parcela de si pr\u00f3prio; a ess\u00eancia Divina, como os mesmos poderes seus. No entanto condicionou o uso desses poderes ao desenvolvimento de todas as nossas capacidades, para que nos torn\u00e1ssemos Deus em a\u00e7\u00e3o.<\/p>\n","protected":false},"excerpt":{"rendered":"<p>10\/12\/2011 A humanidade precisa passar por sete grandes Ra\u00e7as-Raiz, que, por sua vez, s\u00e3o compostas por sete sub-ra\u00e7as. \u00c9 a experiencia\u00e7\u00e3o que todo o esp\u00edrito humano precisa para desenvolver-se plenamente. Cada uma dessas sub-ra\u00e7as desenvolve-se por milh\u00f5es de anos, tempo necess\u00e1rio para complementa\u00e7\u00e3o e fixa\u00e7\u00e3o do desenvolvimento necess\u00e1rio para a ascens\u00e3o \u00e0 sub-ra\u00e7a ou ra\u00e7a [&hellip;]<\/p>\n","protected":false},"author":1,"featured_media":0,"comment_status":"open","ping_status":"open","sticky":false,"template":"","format":"standard","meta":{"_mi_skip_tracking":false},"categories":[11],"tags":[],"_links":{"self":[{"href":"https:\/\/www.miguelfaccio.com.br\/blog\/index.php\/wp-json\/wp\/v2\/posts\/3506"}],"collection":[{"href":"https:\/\/www.miguelfaccio.com.br\/blog\/index.php\/wp-json\/wp\/v2\/posts"}],"about":[{"href":"https:\/\/www.miguelfaccio.com.br\/blog\/index.php\/wp-json\/wp\/v2\/types\/post"}],"author":[{"embeddable":true,"href":"https:\/\/www.miguelfaccio.com.br\/blog\/index.php\/wp-json\/wp\/v2\/users\/1"}],"replies":[{"embeddable":true,"href":"https:\/\/www.miguelfaccio.com.br\/blog\/index.php\/wp-json\/wp\/v2\/comments?post=3506"}],"version-history":[{"count":1,"href":"https:\/\/www.miguelfaccio.com.br\/blog\/index.php\/wp-json\/wp\/v2\/posts\/3506\/revisions"}],"predecessor-version":[{"id":3507,"href":"https:\/\/www.miguelfaccio.com.br\/blog\/index.php\/wp-json\/wp\/v2\/posts\/3506\/revisions\/3507"}],"wp:attachment":[{"href":"https:\/\/www.miguelfaccio.com.br\/blog\/index.php\/wp-json\/wp\/v2\/media?parent=3506"}],"wp:term":[{"taxonomy":"category","embeddable":true,"href":"https:\/\/www.miguelfaccio.com.br\/blog\/index.php\/wp-json\/wp\/v2\/categories?post=3506"},{"taxonomy":"post_tag","embeddable":true,"href":"https:\/\/www.miguelfaccio.com.br\/blog\/index.php\/wp-json\/wp\/v2\/tags?post=3506"}],"curies":[{"name":"wp","href":"https:\/\/api.w.org\/{rel}","templated":true}]}}