{"id":3504,"date":"2015-04-13T11:30:25","date_gmt":"2015-04-13T11:30:25","guid":{"rendered":"http:\/\/www.miguelfaccio.com.br\/blog\/?p=3504"},"modified":"2015-04-13T11:30:25","modified_gmt":"2015-04-13T11:30:25","slug":"rcd484-raios-ou-chamas-2","status":"publish","type":"post","link":"https:\/\/www.miguelfaccio.com.br\/blog\/index.php\/rcd484-raios-ou-chamas-2\/","title":{"rendered":"RCD484- Raios ou Chamas"},"content":{"rendered":"<p style=\"text-align: right;\"><strong><span style=\"color: #ff00ff;\">Mensagem do Arcanjo Miguel<\/span><\/strong><\/p>\n<p style=\"text-align: right;\"><strong>atrav\u00e9s de Ronna\u00a0<\/strong><\/p>\n<p style=\"text-align: right;\"><strong><span style=\"color: #ff6600;\">TORNAR-SE UM M\u00cdSTICO PR\u00c1TICO<\/span><\/strong><\/p>\n<p>continua\u00e7\u00e3o Os diversos Raios luminescentes, coloridos, v\u00e3o ajudar na integra\u00e7\u00e3o e no equil\u00edbrio dos padr\u00f5es de frequ\u00eancia superior da Consci\u00eancia Gal\u00e1ctica. Quanto mais voc\u00eas equilibrar, harmonizar e fortalecer o seu sistema de chacra, mais Luz Divina ser\u00e3o capazes de absorver. A coluna vertebral finalmente tornar-se-\u00e1 um BAST\u00c3O de LUZ e PODER por meio do que as Correntes da Luz do Criador poder\u00e3o fluir livremente, desimpedidas. Em resultado dessa ativa\u00e7\u00e3o, o processo da Ascens\u00e3o ser\u00e1 bastante acelerado.<\/p>\n<p>A sua PRESEN\u00c7A EU SOU, ou o que estamos chamando agora de \u00c1TOMO-SEMENTE DIVINO, est\u00e1 experimentando muitas realidades simultaneamente. \u00c0 medida que voc\u00eas se preparam para acessar os n\u00edveis de entrada do ambiente da Quinta Dimens\u00e3o, v\u00e3o come\u00e7ar a experimentar algumas formas-pensamentos telep\u00e1ticas, indistintas, bem como receber informa\u00e7\u00f5es de alguns dos seus Eus Superiores mais pr\u00f3ximos e mais compat\u00edveis energeticamente. Voc\u00eas est\u00e3o se transformando em Seres multidimensionais Humanos\/Espirituais. Est\u00e3o vivenciando a realidade f\u00edsica e a n\u00e3o-f\u00edsica ao mesmo tempo. Voc\u00eas gastam muito mais tempo em uma realidade n\u00e3o-f\u00edsica que no mundo f\u00edsico. A exist\u00eancia terrena \u00e9 simplesmente um momento no tempo, em compara\u00e7\u00e3o com o tempo gasto nos reinos superiores.<\/p>\n<p>Voc\u00eas s\u00e3o Fragmentos da Consci\u00eancia Divina. O seu \u00c1tomo-Semente Divino \u00e9 a totalidade do seu Ser nesta experi\u00eancia Subuniversal. Imaginem o seu Eu Divino como uma esfera de Luz dourada que enviou muitos, muitos Fragmentos de Si Mesmos por todas as muitas Cria\u00e7\u00f5es neste Subuniverso. Voc\u00eas s\u00e3o aqueles Fragmentos brilhantes, resplandecentes.<\/p>\n<p>(Os Fragmentos, Facetas, Centelhas, Eus Superiores, a que o Arcanjo Miguel se refere, s\u00e3o muitas vezes chamados de \u201cVidas Paralelas\u201d por outros mensageiros). (R)<\/p>\n<p>Voc\u00eas est\u00e3o prestes a ter acesso a uma outra realidade \u2013 um mundo em que os talentos especiais e os atributos refinados ser\u00e3o uma parte normal de quem voc\u00eas s\u00e3o. Voc\u00eas devem se esfor\u00e7ar para ser um M\u00cdSTICO PR\u00c1TICO. Concedam-se tempo para ajustar-se \u00e0 sua persona que est\u00e1 em r\u00e1pida mudan\u00e7a. N\u00e3o se empenhem em impressionar as pessoas com a sua sabedoria ou talentos especiais, mas busquem meios de ajudar-se, e aos demais, a adaptar-se gradativamente ao seu mundo em r\u00e1pida mudan\u00e7a, e ao novo Estado de Ser.<\/p>\n<p>Como desejam vivenciar os pr\u00f3ximos cinco ou dez anos? Como voc\u00eas se imaginam? J\u00e1 \u00e9 hora de come\u00e7ar a construir a sua nova realidade \u2013 seus amigos espirituais, companheiros de Alma e o seu Eu Superior podem ajud\u00e1-los a fazer exatamente isso \u2013 de maneira eficiente, graciosa, e em alinhamento com o novo Projeto Divino, e para o bem maior.<\/p>\n<p>Progressivamente, durante os pr\u00f3ximos anos, os Seres humanos\/Espirituais evolu\u00eddos ser\u00e3o bastante influenciados pelo brilho dos poderosos Raios da Luz Divina, que est\u00e3o agora sendo emitidos para a humanidade e para a Terra. Os grandes Arcanjos est\u00e3o irradiando o novo Projeto Divino da Era de Aqu\u00e1rio, que foi enviado do Criador Supremo, por meio do Deus Pai\/M\u00e3e de nosso Universo, para o Deus Pais de cada Subuniverso. Sua percep\u00e7\u00e3o consciente vai se expandir lentamente para incluir toda a humanidade, a Terra, o Sistema Solar e at\u00e9 a Gal\u00e1xia. A mente superior reagir\u00e1 \u00e0s frequ\u00eancias mais refinadas, todavia poderosas, de Luz, que revelar\u00e3o inven\u00e7\u00f5es inimagin\u00e1veis e novos e surpreendentes m\u00e9todos para o aprimoramento da humanidade e da Terra. O corpo f\u00edsico deve evoluir para um Vaso Energ\u00e9tico mais finamente sintonizado, a fim de acomodar o poder sempre em expans\u00e3o dos Raios Divinos. Em resultado, a boa sa\u00fade, a vitalidade e o vigor aumentado ser\u00e3o a norma para os que est\u00e3o no processo de reivindicar a sua Automestria.<\/p>\n<p>continua<\/p>\n","protected":false},"excerpt":{"rendered":"<p>Mensagem do Arcanjo Miguel atrav\u00e9s de Ronna\u00a0 TORNAR-SE UM M\u00cdSTICO PR\u00c1TICO continua\u00e7\u00e3o Os diversos Raios luminescentes, coloridos, v\u00e3o ajudar na integra\u00e7\u00e3o e no equil\u00edbrio dos padr\u00f5es de frequ\u00eancia superior da Consci\u00eancia Gal\u00e1ctica. Quanto mais voc\u00eas equilibrar, harmonizar e fortalecer o seu sistema de chacra, mais Luz Divina ser\u00e3o capazes de absorver. A coluna vertebral finalmente [&hellip;]<\/p>\n","protected":false},"author":1,"featured_media":0,"comment_status":"open","ping_status":"open","sticky":false,"template":"","format":"standard","meta":{"_mi_skip_tracking":false},"categories":[3],"tags":[],"_links":{"self":[{"href":"https:\/\/www.miguelfaccio.com.br\/blog\/index.php\/wp-json\/wp\/v2\/posts\/3504"}],"collection":[{"href":"https:\/\/www.miguelfaccio.com.br\/blog\/index.php\/wp-json\/wp\/v2\/posts"}],"about":[{"href":"https:\/\/www.miguelfaccio.com.br\/blog\/index.php\/wp-json\/wp\/v2\/types\/post"}],"author":[{"embeddable":true,"href":"https:\/\/www.miguelfaccio.com.br\/blog\/index.php\/wp-json\/wp\/v2\/users\/1"}],"replies":[{"embeddable":true,"href":"https:\/\/www.miguelfaccio.com.br\/blog\/index.php\/wp-json\/wp\/v2\/comments?post=3504"}],"version-history":[{"count":1,"href":"https:\/\/www.miguelfaccio.com.br\/blog\/index.php\/wp-json\/wp\/v2\/posts\/3504\/revisions"}],"predecessor-version":[{"id":3505,"href":"https:\/\/www.miguelfaccio.com.br\/blog\/index.php\/wp-json\/wp\/v2\/posts\/3504\/revisions\/3505"}],"wp:attachment":[{"href":"https:\/\/www.miguelfaccio.com.br\/blog\/index.php\/wp-json\/wp\/v2\/media?parent=3504"}],"wp:term":[{"taxonomy":"category","embeddable":true,"href":"https:\/\/www.miguelfaccio.com.br\/blog\/index.php\/wp-json\/wp\/v2\/categories?post=3504"},{"taxonomy":"post_tag","embeddable":true,"href":"https:\/\/www.miguelfaccio.com.br\/blog\/index.php\/wp-json\/wp\/v2\/tags?post=3504"}],"curies":[{"name":"wp","href":"https:\/\/api.w.org\/{rel}","templated":true}]}}