{"id":3496,"date":"2015-04-12T12:10:24","date_gmt":"2015-04-12T12:10:24","guid":{"rendered":"http:\/\/www.miguelfaccio.com.br\/blog\/?p=3496"},"modified":"2015-04-12T12:10:24","modified_gmt":"2015-04-12T12:10:24","slug":"rcd483-raios-ou-chamas-2","status":"publish","type":"post","link":"https:\/\/www.miguelfaccio.com.br\/blog\/index.php\/rcd483-raios-ou-chamas-2\/","title":{"rendered":"RCD483- Raios ou Chamas"},"content":{"rendered":"<p style=\"text-align: right;\"><strong><span style=\"color: #ff00ff;\">Mensagem do Arcanjo Miguel<\/span><\/strong><\/p>\n<p style=\"text-align: right;\"><strong>atrav\u00e9s de Ronna\u00a0<\/strong><\/p>\n<p style=\"text-align: right;\"><strong><span style=\"color: #ff6600;\">TORNAR-SE UM M\u00cdSTICO PR\u00c1TICO<\/span><\/strong><\/p>\n<p>continua\u00e7\u00e3o<\/p>\n<p>\u00c0 medida que refinam a sua vibra\u00e7\u00e3o, voc\u00eas v\u00e3o se tornando gradativamente multidimensionais, o que significa que est\u00e3o se conectando com os padr\u00f5es de frequ\u00eancia de diversas dimens\u00f5es simultaneamente. A fim de abrir caminho para as frequ\u00eancias refinadas dos diversos n\u00edveis da Quarta Dimens\u00e3o superior, e os n\u00edveis de entrada da Quinta Dimens\u00e3o, deve haver um processo de purifica\u00e7\u00e3o\/limpeza. Por meio das li\u00e7\u00f5es e instru\u00e7\u00f5es que lhes demos, ao longo dos anos, estamos nos empenhando em fornecer-lhes o conhecimento e as ferramentas necess\u00e1rias para que voc\u00eas percorram o Caminho da Ascens\u00e3o com facilidade e gra\u00e7a.<\/p>\n<p>Quando atingirem determinado n\u00edvel de harmonia interna, os acessos ou portais no interior do seu corpo f\u00edsico v\u00e3o se abrir, e voc\u00eas v\u00e3o, aos poucos, obter acesso aos padr\u00f5es de frequ\u00eancia das Dimens\u00f5es Superiores: o Chacra da Ascens\u00e3o \u2013 Medula Oblonga \u2013 na base do cr\u00e2nio; o portal posterior do seu Cora\u00e7\u00e3o Sagrado; e uma expans\u00e3o da abertura do Chacra Coron\u00e1rio. Esses s\u00e3o os principais passos do processo de Ascens\u00e3o, porque eles restabelecem a sua conex\u00e3o com o Rio da Vida \u2013 a Corrente C\u00f3smica da consci\u00eancia mais elevada \u2013 que cont\u00e9m as part\u00edculas da Luz Viva da Cria\u00e7\u00e3o, chamadas de Part\u00edculas Adamantinas. Nesse momento, voc\u00eas come\u00e7ar\u00e3o a construir um campo de for\u00e7a de Pleno Espectro da Luz do Criador, conforme voc\u00eas se esfor\u00e7am para se transformar em mestres de Si Mesmos, e co-criadores conscientes, que criam apenas aquilo que for para o benef\u00edcio maior de todos. Desse momento em diante, os exerc\u00edcios respirat\u00f3rios e as afirma\u00e7\u00f5es assumem um significado inteiramente novo.<\/p>\n<p>Os Sete Chacras Et\u00e9ricos b\u00e1sicos ou rodas girat\u00f3rias da Energia Eletromagn\u00e9tica foram colocados no interior do corpo f\u00edsico como recept\u00e1culos para os reduzidos atributos, qualidades e virtudes da Consci\u00eancia Divina. Esses Sete Centros Energ\u00e9ticos sempre foram calibrados adequadamente para os n\u00edveis da densidade que voc\u00eas iriam experimentar em cada encarna\u00e7\u00e3o, de acordo com o seu Projeto Divino.<\/p>\n<p>Conforme se esfor\u00e7am para retornar ao equil\u00edbrio e \u00e0 harmonia em seu sistema de quatro corpos inferiores: f\u00edsico, mental, emocional e et\u00e9rico, voc\u00eas ir\u00e3o refinar, de forma gradativa, os seus padr\u00f5es vibracionais, que v\u00e3o orient\u00e1-los, no Caminho da Ascens\u00e3o, para as frequ\u00eancias superiores de Luz. O sistema de chacra come\u00e7ar\u00e1 a assumir o brilho dos cinco Raios Superiores da Consci\u00eancia Gal\u00e1ctica Divina, que se tornam dispon\u00edveis quando a sua Assinatura Energ\u00e9tica estiver refinada o suficiente para conectar-se com os padr\u00f5es de frequ\u00eancia da Quarta Dimens\u00e3o m\u00e9dia. Os cinco Raios Superiores ter\u00e3o um efeito profundo nos Sete Chacras do vaso f\u00edsico da Terceira e Quarta Dimens\u00f5es. Em primeiro lugar, o estoque em reserva das Part\u00edculas Adamantinas de Luz, armazenado em um \u00c1tomo-Semente em cada chacra, ser\u00e1 liberado. A Kundalini, ou Serpente do Fogo Sagrado, armazenada na base do Chacra Raiz come\u00e7ar\u00e1 a elevar-se, e o processo chamado de Abertura dos Sete Selos da Consci\u00eancia Superior ser\u00e1 iniciado. Os chacras come\u00e7ar\u00e3o a girar realmente em vez de ficarem desequilibrados. Mudar\u00e3o de cor e tornar-se-\u00e3o iridescente, \u00e0 medida que entrarem em sintonia com as frequ\u00eancias mais elevadas da Consci\u00eancia Divina, e ser\u00e3o, aos poucos, infundidos com a vibra\u00e7\u00e3o e o brilho luminescente da Luz do Criador.<\/p>\n<p>continua<\/p>\n","protected":false},"excerpt":{"rendered":"<p>Mensagem do Arcanjo Miguel atrav\u00e9s de Ronna\u00a0 TORNAR-SE UM M\u00cdSTICO PR\u00c1TICO continua\u00e7\u00e3o \u00c0 medida que refinam a sua vibra\u00e7\u00e3o, voc\u00eas v\u00e3o se tornando gradativamente multidimensionais, o que significa que est\u00e3o se conectando com os padr\u00f5es de frequ\u00eancia de diversas dimens\u00f5es simultaneamente. A fim de abrir caminho para as frequ\u00eancias refinadas dos diversos n\u00edveis da Quarta [&hellip;]<\/p>\n","protected":false},"author":1,"featured_media":0,"comment_status":"open","ping_status":"open","sticky":false,"template":"","format":"standard","meta":{"_mi_skip_tracking":false},"categories":[3],"tags":[],"_links":{"self":[{"href":"https:\/\/www.miguelfaccio.com.br\/blog\/index.php\/wp-json\/wp\/v2\/posts\/3496"}],"collection":[{"href":"https:\/\/www.miguelfaccio.com.br\/blog\/index.php\/wp-json\/wp\/v2\/posts"}],"about":[{"href":"https:\/\/www.miguelfaccio.com.br\/blog\/index.php\/wp-json\/wp\/v2\/types\/post"}],"author":[{"embeddable":true,"href":"https:\/\/www.miguelfaccio.com.br\/blog\/index.php\/wp-json\/wp\/v2\/users\/1"}],"replies":[{"embeddable":true,"href":"https:\/\/www.miguelfaccio.com.br\/blog\/index.php\/wp-json\/wp\/v2\/comments?post=3496"}],"version-history":[{"count":1,"href":"https:\/\/www.miguelfaccio.com.br\/blog\/index.php\/wp-json\/wp\/v2\/posts\/3496\/revisions"}],"predecessor-version":[{"id":3497,"href":"https:\/\/www.miguelfaccio.com.br\/blog\/index.php\/wp-json\/wp\/v2\/posts\/3496\/revisions\/3497"}],"wp:attachment":[{"href":"https:\/\/www.miguelfaccio.com.br\/blog\/index.php\/wp-json\/wp\/v2\/media?parent=3496"}],"wp:term":[{"taxonomy":"category","embeddable":true,"href":"https:\/\/www.miguelfaccio.com.br\/blog\/index.php\/wp-json\/wp\/v2\/categories?post=3496"},{"taxonomy":"post_tag","embeddable":true,"href":"https:\/\/www.miguelfaccio.com.br\/blog\/index.php\/wp-json\/wp\/v2\/tags?post=3496"}],"curies":[{"name":"wp","href":"https:\/\/api.w.org\/{rel}","templated":true}]}}