{"id":3489,"date":"2015-04-11T13:26:23","date_gmt":"2015-04-11T13:26:23","guid":{"rendered":"http:\/\/www.miguelfaccio.com.br\/blog\/?p=3489"},"modified":"2015-04-11T13:30:06","modified_gmt":"2015-04-11T13:30:06","slug":"rcd481-raios-ou-chamas-3","status":"publish","type":"post","link":"https:\/\/www.miguelfaccio.com.br\/blog\/index.php\/rcd481-raios-ou-chamas-3\/","title":{"rendered":"RCD482- Raios ou Chamas"},"content":{"rendered":"<p style=\"text-align: right;\"><strong>\u00a0<span style=\"color: #ff00ff;\">Mensagem do Arcanjo Miguel<br \/>\n<\/span>atrav\u00e9s de Ronna\u00a0<\/strong><\/p>\n<p style=\"text-align: right;\"><strong><span style=\"color: #ff9900;\">TORNAR-SE UM M\u00cdSTICO PR\u00c1TICO<\/span><\/strong><\/p>\n<p>01 de mar\u00e7o de 2015 Amados mestres, h\u00e1 um Caminho de Luz que vai lev\u00e1-los para fora da densidade, para a LUMINOSIDADE DOS REINOS ESPIRITUAIS. A chave que lhes permite percorrer esse Caminho Sagrado est\u00e1 em seu interior \u2013 chama-se CAN\u00c7\u00c3O DA ALMA. Voc\u00eas est\u00e3o em sintonia com o que se chama Assinatura Energ\u00e9tica, enquanto voc\u00eas funcionam no ambiente de terceira dimens\u00e3o e de quarta dimens\u00e3o inferior. Voc\u00eas est\u00e3o gradativamente sintonizando-se com a sua CAN\u00c7\u00c3O DA ALMA, enquanto atravessam os subir\u00edeis remanescentes da Quarta Dimens\u00e3o Superior, para o n\u00edvel de entrada do ambiente da Quinta Dimens\u00e3o.<\/p>\n<p>A sua Assinatura Energ\u00e9tica possui resson\u00e2ncia, cad\u00eancia, tonalidade e vibra\u00e7\u00e3o, e irradia-se dos seus sete Centros de Chacras principais e do seu campo \u00e1urico. Muda diariamente, juntamente com os seus pensamentos e a\u00e7\u00f5es, porque \u00e9 suscet\u00edvel \u00e0 personalidade do corpo de desejo eg\u00f3ico, e aos constantes altos e baixos da natureza emocional. De modo progressivo, a personalidade do corpo de desejo eg\u00f3ico torna-se um servo da Alma, e os seus padr\u00f5es vibracionais lentamente come\u00e7am a retornar a um estado de equil\u00edbrio e harmonia. Quando os seus padr\u00f5es b\u00e1sicos de frequ\u00eancia alcan\u00e7am o n\u00edvel da Quarta Dimens\u00e3o m\u00e9dia e acima, o seu campo \u00e1urico gradativamente se expande e se torna mais radiante. Nesse momento, a sua Assinatura Energ\u00e9tica come\u00e7ar\u00e1 a alinhar-se com as frequ\u00eancias superiores da sua Can\u00e7\u00e3o da Alma. Isso, por sua vez, d\u00e1 in\u00edcio \u00e0 Convoca\u00e7\u00e3o para que as Facetas mais elevadas do seu Eu An\u00edmico comecem o processo de reunifica\u00e7\u00e3o. A Can\u00e7\u00e3o da Alma original estava em perfeita harmonia com a Can\u00e7\u00e3o da Alma Celestial deste Subuniverso; era como voc\u00eas eram, e s\u00e3o, reconhecidos pelos membros da sua Fam\u00edlia de Alma e pelos grandes Seres de Luz.<\/p>\n<p>Cada dimens\u00e3o possui uma resson\u00e2ncia \u00edmpar e um padr\u00e3o sonoro harm\u00f4nico e identific\u00e1vel. A sua exist\u00eancia f\u00edsica \u00e9 uma realidade focada na harmonia e no equil\u00edbrio ou na falta deles, e quanto mais voc\u00eas adentram a densidade, mais dissonantes se tornam os seus padr\u00f5es vibracionais. Na realidade do plano material, voc\u00eas habitualmente se concentram nas coisas tang\u00edveis, que possuem subst\u00e2ncia ou densidade \u2013 uma orienta\u00e7\u00e3o de tempo\/espa\u00e7o de causa e efeito. Est\u00e1 progressivamente permeando a estrutura de cren\u00e7a da consci\u00eancia de massa o fato de que todo mundo \u00e9 o criador da sua pr\u00f3pria realidade.<\/p>\n<p>continua<\/p>\n","protected":false},"excerpt":{"rendered":"<p>\u00a0Mensagem do Arcanjo Miguel atrav\u00e9s de Ronna\u00a0 TORNAR-SE UM M\u00cdSTICO PR\u00c1TICO 01 de mar\u00e7o de 2015 Amados mestres, h\u00e1 um Caminho de Luz que vai lev\u00e1-los para fora da densidade, para a LUMINOSIDADE DOS REINOS ESPIRITUAIS. A chave que lhes permite percorrer esse Caminho Sagrado est\u00e1 em seu interior \u2013 chama-se CAN\u00c7\u00c3O DA ALMA. Voc\u00eas [&hellip;]<\/p>\n","protected":false},"author":1,"featured_media":0,"comment_status":"open","ping_status":"open","sticky":false,"template":"","format":"standard","meta":{"_mi_skip_tracking":false},"categories":[3],"tags":[],"_links":{"self":[{"href":"https:\/\/www.miguelfaccio.com.br\/blog\/index.php\/wp-json\/wp\/v2\/posts\/3489"}],"collection":[{"href":"https:\/\/www.miguelfaccio.com.br\/blog\/index.php\/wp-json\/wp\/v2\/posts"}],"about":[{"href":"https:\/\/www.miguelfaccio.com.br\/blog\/index.php\/wp-json\/wp\/v2\/types\/post"}],"author":[{"embeddable":true,"href":"https:\/\/www.miguelfaccio.com.br\/blog\/index.php\/wp-json\/wp\/v2\/users\/1"}],"replies":[{"embeddable":true,"href":"https:\/\/www.miguelfaccio.com.br\/blog\/index.php\/wp-json\/wp\/v2\/comments?post=3489"}],"version-history":[{"count":2,"href":"https:\/\/www.miguelfaccio.com.br\/blog\/index.php\/wp-json\/wp\/v2\/posts\/3489\/revisions"}],"predecessor-version":[{"id":3493,"href":"https:\/\/www.miguelfaccio.com.br\/blog\/index.php\/wp-json\/wp\/v2\/posts\/3489\/revisions\/3493"}],"wp:attachment":[{"href":"https:\/\/www.miguelfaccio.com.br\/blog\/index.php\/wp-json\/wp\/v2\/media?parent=3489"}],"wp:term":[{"taxonomy":"category","embeddable":true,"href":"https:\/\/www.miguelfaccio.com.br\/blog\/index.php\/wp-json\/wp\/v2\/categories?post=3489"},{"taxonomy":"post_tag","embeddable":true,"href":"https:\/\/www.miguelfaccio.com.br\/blog\/index.php\/wp-json\/wp\/v2\/tags?post=3489"}],"curies":[{"name":"wp","href":"https:\/\/api.w.org\/{rel}","templated":true}]}}