{"id":3486,"date":"2015-04-10T13:35:50","date_gmt":"2015-04-10T13:35:50","guid":{"rendered":"http:\/\/www.miguelfaccio.com.br\/blog\/?p=3486"},"modified":"2015-04-10T13:35:50","modified_gmt":"2015-04-10T13:35:50","slug":"rcd481-raios-ou-chamas-2","status":"publish","type":"post","link":"https:\/\/www.miguelfaccio.com.br\/blog\/index.php\/rcd481-raios-ou-chamas-2\/","title":{"rendered":"RCD481- Raios ou Chamas"},"content":{"rendered":"<p style=\"text-align: right;\"><strong><span style=\"color: #ff00ff;\">Mensagem de Jav\u00e9<\/span><\/strong><\/p>\n<p style=\"text-align: right;\"><strong><span style=\"color: #ff6600;\">O Fim dos Tempos<\/span><\/strong><\/p>\n<p>Mensagem\u00a0 marcio Ontem \u00e0(s) 10:45<\/p>\n<p>&nbsp;<\/p>\n<p>Apelidaria voc\u00ea de santo se pudesse apelidar algu\u00e9m de alguma coisa.<\/p>\n<p>Mas n\u00e3o posso.<\/p>\n<p>Operaria milagres se resolvessem os vossos problemas.<\/p>\n<p>Mas n\u00e3o resolve.<\/p>\n<p>Ent\u00e3o tenho que ensinar voc\u00eas.<\/p>\n<p>Ensinar que a vida n\u00e3o termina no cemit\u00e9rio.<\/p>\n<p>Que voc\u00eas s\u00e3o eternos.<\/p>\n<p>Que nesta eternidade existe uma forma \u00e9tica de viver.<\/p>\n<p>Que voc\u00eas nascem na Terra para provar o que aprenderam.<\/p>\n<p>Que o esquecimento \u00e9 necess\u00e1rio para serem provados at\u00e9 o limite do suport\u00e1vel.<\/p>\n<p>E se devem vir a Terra com esquecimento, porque estou contanto isto a voc\u00eas?<\/p>\n<p>Porque chegara a hora em que j\u00e1 estar\u00e3o todos provados.<\/p>\n<p>Cem vidas se passaram e quem provou, est\u00e1 provado e quem n\u00e3o conseguiu, est\u00e1 reprovado.<\/p>\n<p>N\u00e3o existe mais motivo para viverem no esquecimento.<\/p>\n<p>E muito em breve o v\u00e9u vai se desfazer e todos voc\u00eas aos poucos v\u00e3o come\u00e7ar a se lembrarem de quem s\u00e3o, de suas \u00faltimas vidas, de vossas \u00e9ticas de vida.<\/p>\n<p>E quero ver pouco choro nesta hora.<\/p>\n<p>Porque daqui de cima vejo o futuro e quero amenizar esta hora.<\/p>\n<p>E n\u00e3o reprovo quem n\u00e3o concorda comigo.<\/p>\n<p>E quero ter o prazer colher bons frutos.<\/p>\n<p>Pus a minha cara a tapa quando propus fazer esta loucura de encarnar voc\u00eas por tanto tempo.<\/p>\n<p>Saibam que era para ter acabado tudo isto quando o Mestre Jesus esteve aqui na Terra.<\/p>\n<p>E n\u00e3o enxuguem as lagrimas antes do tempo que ainda n\u00e3o acabei.<\/p>\n<p>O que querem \u00e9 sorrir e dizer.<\/p>\n<p>\u201cEste JAV\u00e9 pensa que me dobra com estas palavras\u201d<\/p>\n<p>E n\u00e3o te dobro mesmo.<\/p>\n<p>Porque se assim fizesse que m\u00e9rito voc\u00eas teriam?<\/p>\n<p>Ent\u00e3o meus filhos sejam aprovados ou reprovados reservem um tanto de dignidade para se ajoelharem perante mim.<\/p>\n<p>Sejam homens orgulhosos que sei ser Pai honrado para com todos voc\u00eas.<\/p>\n<p>A f\u00edsica n\u00e3o permite que nos encontremos ai na Terra.<\/p>\n<p>Ainda que eu queira.<\/p>\n<p>JAV\u00e9 n\u00e3o \u00e9 algu\u00e9m que se espera.<\/p>\n<p>JAV\u00e9 n\u00e3o \u00e9 algu\u00e9m que se olha com os olhos da Terra.<\/p>\n<p>JAV\u00e9 n\u00e3o \u00e9 algu\u00e9m que se negocia as faltas ou pecados.<\/p>\n<p>Se eu assim desejasse, uma fa\u00edsca do meu amor abrasaria a Terra.<\/p>\n<p>Mas n\u00e3o desejo tirar vossos m\u00e9ritos.<\/p>\n<p>Ent\u00e3o sigam por mais estes minutos que amanh\u00e3 j\u00e1 estar\u00e3o diante de mim.<\/p>\n<p>Fiquem na paz<\/p>\n<p>JAV\u00e9<\/p>\n","protected":false},"excerpt":{"rendered":"<p>Mensagem de Jav\u00e9 O Fim dos Tempos Mensagem\u00a0 marcio Ontem \u00e0(s) 10:45 &nbsp; Apelidaria voc\u00ea de santo se pudesse apelidar algu\u00e9m de alguma coisa. Mas n\u00e3o posso. Operaria milagres se resolvessem os vossos problemas. Mas n\u00e3o resolve. Ent\u00e3o tenho que ensinar voc\u00eas. Ensinar que a vida n\u00e3o termina no cemit\u00e9rio. Que voc\u00eas s\u00e3o eternos. Que [&hellip;]<\/p>\n","protected":false},"author":1,"featured_media":0,"comment_status":"open","ping_status":"open","sticky":false,"template":"","format":"standard","meta":{"_mi_skip_tracking":false},"categories":[3],"tags":[],"_links":{"self":[{"href":"https:\/\/www.miguelfaccio.com.br\/blog\/index.php\/wp-json\/wp\/v2\/posts\/3486"}],"collection":[{"href":"https:\/\/www.miguelfaccio.com.br\/blog\/index.php\/wp-json\/wp\/v2\/posts"}],"about":[{"href":"https:\/\/www.miguelfaccio.com.br\/blog\/index.php\/wp-json\/wp\/v2\/types\/post"}],"author":[{"embeddable":true,"href":"https:\/\/www.miguelfaccio.com.br\/blog\/index.php\/wp-json\/wp\/v2\/users\/1"}],"replies":[{"embeddable":true,"href":"https:\/\/www.miguelfaccio.com.br\/blog\/index.php\/wp-json\/wp\/v2\/comments?post=3486"}],"version-history":[{"count":2,"href":"https:\/\/www.miguelfaccio.com.br\/blog\/index.php\/wp-json\/wp\/v2\/posts\/3486\/revisions"}],"predecessor-version":[{"id":3488,"href":"https:\/\/www.miguelfaccio.com.br\/blog\/index.php\/wp-json\/wp\/v2\/posts\/3486\/revisions\/3488"}],"wp:attachment":[{"href":"https:\/\/www.miguelfaccio.com.br\/blog\/index.php\/wp-json\/wp\/v2\/media?parent=3486"}],"wp:term":[{"taxonomy":"category","embeddable":true,"href":"https:\/\/www.miguelfaccio.com.br\/blog\/index.php\/wp-json\/wp\/v2\/categories?post=3486"},{"taxonomy":"post_tag","embeddable":true,"href":"https:\/\/www.miguelfaccio.com.br\/blog\/index.php\/wp-json\/wp\/v2\/tags?post=3486"}],"curies":[{"name":"wp","href":"https:\/\/api.w.org\/{rel}","templated":true}]}}