{"id":3481,"date":"2015-04-09T11:57:10","date_gmt":"2015-04-09T11:57:10","guid":{"rendered":"http:\/\/www.miguelfaccio.com.br\/blog\/?p=3481"},"modified":"2015-04-09T11:57:10","modified_gmt":"2015-04-09T11:57:10","slug":"rcd480-raios-ou-chamas-2","status":"publish","type":"post","link":"https:\/\/www.miguelfaccio.com.br\/blog\/index.php\/rcd480-raios-ou-chamas-2\/","title":{"rendered":"RCD480- Raios ou Chamas"},"content":{"rendered":"<p style=\"text-align: right;\"><strong><span style=\"color: #ff00ff;\">Mensagem de Jav\u00e9<\/span><\/strong><\/p>\n<p style=\"text-align: right;\"><strong><span style=\"color: #ff6600;\">Que se fa\u00e7a a luz<\/span><\/strong><\/p>\n<p>Mensagem\u00a0 marcio Ontem \u00e0(s) 13:36<\/p>\n<p>O pr\u00f3ximo passo ser\u00e1 enviar algu\u00e9m ai na Terra.<\/p>\n<p>E como se faz isto Senhor?<\/p>\n<p>Conhecendo voc\u00ea, sei que vai perguntar at\u00e9 os pingos nos iiiiis.<\/p>\n<p>Senhor, n\u00e3o farei desta forma.<\/p>\n<p>Mas diga o que pode sem comprometer a opera\u00e7\u00e3o.<\/p>\n<p>O problema \u00e9 que permito a voc\u00ea ouvir estas coisas.<\/p>\n<p>N\u00e3o vejo nada de mal, na medida que ningu\u00e9m acredita mais em nada.<\/p>\n<p>Senhor JAV\u00e9, se Jesus viesse hoje e n\u00e3o fizesse alguns milhares de milagres dos bons.<\/p>\n<p>Ningu\u00e9m acreditaria.<\/p>\n<p>O que sei \u00e9 que mesmo n\u00e3o acreditando tenho que fazer algo por voc\u00eas.<\/p>\n<p>Senhor, antes mesmo j\u00e1 lhe agrade\u00e7o de cora\u00e7\u00e3o.<\/p>\n<p>Como voc\u00ea v\u00ea me arrisco com voc\u00ea.<\/p>\n<p>Mentiria se dissesse que n\u00e3o vou enfiar a m\u00e3o em um formigueiro.<\/p>\n<p>\u00c9 Senhor JAV\u00e9, n\u00e3o existe solu\u00e7\u00e3o ou decis\u00e3o totalmente acertada, sempre tem um ou mais lados ruins.<\/p>\n<p>E queria eu tirar voc\u00eas da\u00ed com chave de ouro.<\/p>\n<p>Porque dizes isto Senhor?<\/p>\n<p>A sete anos atr\u00e1s o Senhor repetiu muitas vezes que tiraria a todos n\u00f3s da Terra com chave de ouro.<\/p>\n<p>Maquinaria de alguns fizeram destas comigo.<\/p>\n<p>Maquinarias&#8230;.?????<\/p>\n<p>Posso explicar.<\/p>\n<p>A palavra maquinaria n\u00e3o \u00e9 a mais ideal, mas serve.<\/p>\n<p>O que fizeram foi tirar a tampa que vedava o nosso poder de reter o que voc\u00eas fazem de mal na Terra.<\/p>\n<p>Ent\u00e3o vazou para fora, \u00e9 isto que o Senhor est\u00e1 me contando?<\/p>\n<p>Contando n\u00e3o \u00e9 bem a palavra, estou comunicando a todos voc\u00eas que a partir de agora n\u00e3o tenho mais como segurar o tanto de mal que voc\u00eas fazem ai na Terra.<\/p>\n<p>A minha varinha m\u00e1gica que insurgia todo os atos indignos de voc\u00eas acabou.<\/p>\n<p>Entendo, mas n\u00e3o compreendo como fizeram isto com o Senhor.<\/p>\n<p>O que posso te explicar \u00e9 mais ou menos isto.<\/p>\n<p>Amanh\u00e3 mesmo vou repartir algo mais com voc\u00eas que daqui de cima n\u00e3o posso mais aguentar sozinho.<\/p>\n<p>Entendo.<\/p>\n<p>A colheita do bem come\u00e7a em breve meu filho.<\/p>\n<p>E com menos tempo do que imaginam j\u00e1 estar\u00e3o erguendo as m\u00e3os para pedir perd\u00e3o.<\/p>\n<p>Palavras de um Pai que retardou o quanto pode a ingratid\u00e3o de voc\u00eas todos humanos da Terra.<\/p>\n<p>Apenas te pe\u00e7o para n\u00e3o fazerem do meu filho Jesus o culpado por tudo isto.<\/p>\n<p>Mas Senhor JAV\u00e9, que culpa teria Jesus???<\/p>\n<p>Sim, filho a sorte de muitos est\u00e1 lan\u00e7ada e nestas horas culpam ele por n\u00e3o ter sido mais incisivo com todos voc\u00eas.<\/p>\n<p>Senhor, isto seria uma petul\u00e2ncia desta gente.<\/p>\n<p>Decido ent\u00e3o que se fa\u00e7a a luz.<\/p>\n<p>E que quem tem olhos para ver que veja.<\/p>\n<p>Quem n\u00e3o tem que se esconda na pr\u00f3pria escurid\u00e3o.<\/p>\n<p>O pouco que me resta de tempo com voc\u00eas me faz aproveitar todos os minutos para conseguir ainda falar algo para voc\u00eas.<\/p>\n<p>O que restou foi pouco.<\/p>\n<p>Conselho eu te dou, n\u00e3o arrisque mais que n\u00e3o poderei mais te ajudar.<\/p>\n<p>Amizade ainda tenho com voc\u00ea.<\/p>\n<p>Mas ali a frente fico de costas para todos voc\u00eas.<\/p>\n<p>O Senhor vai ficar de costas porque vai estar indo embora?<\/p>\n<p>Embora n\u00e3o sei se vou.<\/p>\n<p>Mas aqui de cima n\u00e3o verei mais ningu\u00e9m ai na Terra.<\/p>\n<p>Entendo, ou fa\u00e7o uma ideia do que esteja acontecendo.<\/p>\n<p>Ramo forte seja algu\u00e9m que me de orgulho por ter te educado.<\/p>\n<p>Serei forte Senhor.<\/p>\n<p>Assim me despe\u00e7o, pedindo paz e discernimento nestas horas dif\u00edceis que passar\u00e3o.<\/p>\n<p>JAV\u00e9<\/p>\n","protected":false},"excerpt":{"rendered":"<p>Mensagem de Jav\u00e9 Que se fa\u00e7a a luz Mensagem\u00a0 marcio Ontem \u00e0(s) 13:36 O pr\u00f3ximo passo ser\u00e1 enviar algu\u00e9m ai na Terra. E como se faz isto Senhor? Conhecendo voc\u00ea, sei que vai perguntar at\u00e9 os pingos nos iiiiis. Senhor, n\u00e3o farei desta forma. Mas diga o que pode sem comprometer a opera\u00e7\u00e3o. O problema [&hellip;]<\/p>\n","protected":false},"author":1,"featured_media":0,"comment_status":"open","ping_status":"open","sticky":false,"template":"","format":"standard","meta":{"_mi_skip_tracking":false},"categories":[3],"tags":[],"_links":{"self":[{"href":"https:\/\/www.miguelfaccio.com.br\/blog\/index.php\/wp-json\/wp\/v2\/posts\/3481"}],"collection":[{"href":"https:\/\/www.miguelfaccio.com.br\/blog\/index.php\/wp-json\/wp\/v2\/posts"}],"about":[{"href":"https:\/\/www.miguelfaccio.com.br\/blog\/index.php\/wp-json\/wp\/v2\/types\/post"}],"author":[{"embeddable":true,"href":"https:\/\/www.miguelfaccio.com.br\/blog\/index.php\/wp-json\/wp\/v2\/users\/1"}],"replies":[{"embeddable":true,"href":"https:\/\/www.miguelfaccio.com.br\/blog\/index.php\/wp-json\/wp\/v2\/comments?post=3481"}],"version-history":[{"count":1,"href":"https:\/\/www.miguelfaccio.com.br\/blog\/index.php\/wp-json\/wp\/v2\/posts\/3481\/revisions"}],"predecessor-version":[{"id":3482,"href":"https:\/\/www.miguelfaccio.com.br\/blog\/index.php\/wp-json\/wp\/v2\/posts\/3481\/revisions\/3482"}],"wp:attachment":[{"href":"https:\/\/www.miguelfaccio.com.br\/blog\/index.php\/wp-json\/wp\/v2\/media?parent=3481"}],"wp:term":[{"taxonomy":"category","embeddable":true,"href":"https:\/\/www.miguelfaccio.com.br\/blog\/index.php\/wp-json\/wp\/v2\/categories?post=3481"},{"taxonomy":"post_tag","embeddable":true,"href":"https:\/\/www.miguelfaccio.com.br\/blog\/index.php\/wp-json\/wp\/v2\/tags?post=3481"}],"curies":[{"name":"wp","href":"https:\/\/api.w.org\/{rel}","templated":true}]}}