{"id":3475,"date":"2015-04-08T15:52:24","date_gmt":"2015-04-08T15:52:24","guid":{"rendered":"http:\/\/www.miguelfaccio.com.br\/blog\/?p=3475"},"modified":"2016-04-05T12:56:00","modified_gmt":"2016-04-05T12:56:00","slug":"plv543-livro-5-diario-04122011","status":"publish","type":"post","link":"https:\/\/www.miguelfaccio.com.br\/blog\/index.php\/plv543-livro-5-diario-04122011\/","title":{"rendered":"PLV543 &#8211; Livro 5 &#8211; Di\u00e1rio, 04\/12\/2011"},"content":{"rendered":"<p style=\"text-align: right;\"><strong>04\/12\/2011<\/strong><\/p>\n<p>A busca da mestria exige um trabalho cont\u00ednuo e din\u00e2mico. N\u00e3o deve sofrer lapso de continuidade, porque todo o esfor\u00e7o que \u00e9 interrompido precisa ser recome\u00e7ado. Por isso \u00e9 que exige de todo o esp\u00edrito em desenvolvimento, garra e luta incessante. Esse \u00e9 um daqueles esfor\u00e7os que s\u00f3 se vai conseguir avaliar quando se deixa o corpo humano. Assim como o V\u00e9u de Maya encobre nossa individualidade espiritual, o corpo f\u00edsico encobre as aquisi\u00e7\u00f5es e o desenvolvimento do nosso esp\u00edrito. Isso, at\u00e9 de certa forma, \u00e9 f\u00e1cil de entender, porque o nosso consciente s\u00f3 tem conhecimentos e lembran\u00e7as de nossas pr\u00f3prias aquisi\u00e7\u00f5es, sejam elas provenientes do estudo da observa\u00e7\u00e3o ou qualquer de seus sentidos f\u00edsicos. Em s\u00edntese, o nosso consciente s\u00f3 tem conhecimento daquilo que ele vivenciou.<\/p>\n<p>O conhecimento de nossa individualidade espiritual est\u00e1 afeto tamb\u00e9m a nossas vidas passadas. As aquisi\u00e7\u00f5es realizadas naquelas exist\u00eancias f\u00edsicas, por isso, escapam ao conhecimento do consciente f\u00edsico.<\/p>\n","protected":false},"excerpt":{"rendered":"<p>04\/12\/2011 A busca da mestria exige um trabalho cont\u00ednuo e din\u00e2mico. N\u00e3o deve sofrer lapso de continuidade, porque todo o esfor\u00e7o que \u00e9 interrompido precisa ser recome\u00e7ado. Por isso \u00e9 que exige de todo o esp\u00edrito em desenvolvimento, garra e luta incessante. Esse \u00e9 um daqueles esfor\u00e7os que s\u00f3 se vai conseguir avaliar quando se [&hellip;]<\/p>\n","protected":false},"author":1,"featured_media":0,"comment_status":"open","ping_status":"open","sticky":false,"template":"","format":"standard","meta":{"_mi_skip_tracking":false},"categories":[11],"tags":[],"_links":{"self":[{"href":"https:\/\/www.miguelfaccio.com.br\/blog\/index.php\/wp-json\/wp\/v2\/posts\/3475"}],"collection":[{"href":"https:\/\/www.miguelfaccio.com.br\/blog\/index.php\/wp-json\/wp\/v2\/posts"}],"about":[{"href":"https:\/\/www.miguelfaccio.com.br\/blog\/index.php\/wp-json\/wp\/v2\/types\/post"}],"author":[{"embeddable":true,"href":"https:\/\/www.miguelfaccio.com.br\/blog\/index.php\/wp-json\/wp\/v2\/users\/1"}],"replies":[{"embeddable":true,"href":"https:\/\/www.miguelfaccio.com.br\/blog\/index.php\/wp-json\/wp\/v2\/comments?post=3475"}],"version-history":[{"count":1,"href":"https:\/\/www.miguelfaccio.com.br\/blog\/index.php\/wp-json\/wp\/v2\/posts\/3475\/revisions"}],"predecessor-version":[{"id":3476,"href":"https:\/\/www.miguelfaccio.com.br\/blog\/index.php\/wp-json\/wp\/v2\/posts\/3475\/revisions\/3476"}],"wp:attachment":[{"href":"https:\/\/www.miguelfaccio.com.br\/blog\/index.php\/wp-json\/wp\/v2\/media?parent=3475"}],"wp:term":[{"taxonomy":"category","embeddable":true,"href":"https:\/\/www.miguelfaccio.com.br\/blog\/index.php\/wp-json\/wp\/v2\/categories?post=3475"},{"taxonomy":"post_tag","embeddable":true,"href":"https:\/\/www.miguelfaccio.com.br\/blog\/index.php\/wp-json\/wp\/v2\/tags?post=3475"}],"curies":[{"name":"wp","href":"https:\/\/api.w.org\/{rel}","templated":true}]}}