{"id":3471,"date":"2015-04-07T12:47:59","date_gmt":"2015-04-07T12:47:59","guid":{"rendered":"http:\/\/www.miguelfaccio.com.br\/blog\/?p=3471"},"modified":"2016-04-05T12:55:50","modified_gmt":"2016-04-05T12:55:50","slug":"plv542-livro-5-diario-03122011","status":"publish","type":"post","link":"https:\/\/www.miguelfaccio.com.br\/blog\/index.php\/plv542-livro-5-diario-03122011\/","title":{"rendered":"PLV542 &#8211; Livro 5 &#8211; Di\u00e1rio, 03\/12\/2011"},"content":{"rendered":"<p style=\"text-align: right;\"><strong>03\/12\/2011<\/strong><\/p>\n<p>Em toda a exist\u00eancia da Terra como planeta habitado por seres inteligentes, jamais houve uma transforma\u00e7\u00e3o como a que est\u00e1 em curso, nesse in\u00edcio de terceiro mil\u00eanio. Houve, em toda a sua hist\u00f3ria, eras que foram respons\u00e1veis por transforma\u00e7\u00f5es muito profundas, tanto no planeta como na sua fauna e na flora. N\u00e3o ter\u00edamos forma absoluta de avaliar a quantidade dessas transforma\u00e7\u00f5es. Muitas vezes, o sistema solar passou pelo cintur\u00e3o de f\u00f3tons. Mas, nenhuma se equipara a essa em que come\u00e7amos a entrar. As not\u00edcias das transforma\u00e7\u00f5es que os mestres nos passam, d\u00e3o sinal da profunda e decisiva alquimia que est\u00e1 reservada para a Terra nesses tempos que se avizinham.<\/p>\n<p>Para n\u00f3s, os terr\u00e1queos, que hoje habitamos esse planeta, \u00e9 a chegada de nossa maioridade espiritual. Nossa \u00fanica preocupa\u00e7\u00e3o ser\u00e1 o amor incondicional. Aquele amor sem medidas, cujo objetivo \u00e9 auxiliar o pr\u00f3ximo. Ser\u00e1 a viv\u00eancia do dito de Jesus: \u201c<em>Ama ao pr\u00f3ximo como a ti mesmo<\/em>\u201d.<\/p>\n","protected":false},"excerpt":{"rendered":"<p>03\/12\/2011 Em toda a exist\u00eancia da Terra como planeta habitado por seres inteligentes, jamais houve uma transforma\u00e7\u00e3o como a que est\u00e1 em curso, nesse in\u00edcio de terceiro mil\u00eanio. Houve, em toda a sua hist\u00f3ria, eras que foram respons\u00e1veis por transforma\u00e7\u00f5es muito profundas, tanto no planeta como na sua fauna e na flora. N\u00e3o ter\u00edamos forma [&hellip;]<\/p>\n","protected":false},"author":1,"featured_media":0,"comment_status":"open","ping_status":"open","sticky":false,"template":"","format":"standard","meta":{"_mi_skip_tracking":false},"categories":[11],"tags":[],"_links":{"self":[{"href":"https:\/\/www.miguelfaccio.com.br\/blog\/index.php\/wp-json\/wp\/v2\/posts\/3471"}],"collection":[{"href":"https:\/\/www.miguelfaccio.com.br\/blog\/index.php\/wp-json\/wp\/v2\/posts"}],"about":[{"href":"https:\/\/www.miguelfaccio.com.br\/blog\/index.php\/wp-json\/wp\/v2\/types\/post"}],"author":[{"embeddable":true,"href":"https:\/\/www.miguelfaccio.com.br\/blog\/index.php\/wp-json\/wp\/v2\/users\/1"}],"replies":[{"embeddable":true,"href":"https:\/\/www.miguelfaccio.com.br\/blog\/index.php\/wp-json\/wp\/v2\/comments?post=3471"}],"version-history":[{"count":1,"href":"https:\/\/www.miguelfaccio.com.br\/blog\/index.php\/wp-json\/wp\/v2\/posts\/3471\/revisions"}],"predecessor-version":[{"id":3472,"href":"https:\/\/www.miguelfaccio.com.br\/blog\/index.php\/wp-json\/wp\/v2\/posts\/3471\/revisions\/3472"}],"wp:attachment":[{"href":"https:\/\/www.miguelfaccio.com.br\/blog\/index.php\/wp-json\/wp\/v2\/media?parent=3471"}],"wp:term":[{"taxonomy":"category","embeddable":true,"href":"https:\/\/www.miguelfaccio.com.br\/blog\/index.php\/wp-json\/wp\/v2\/categories?post=3471"},{"taxonomy":"post_tag","embeddable":true,"href":"https:\/\/www.miguelfaccio.com.br\/blog\/index.php\/wp-json\/wp\/v2\/tags?post=3471"}],"curies":[{"name":"wp","href":"https:\/\/api.w.org\/{rel}","templated":true}]}}