{"id":3462,"date":"2015-04-05T13:02:39","date_gmt":"2015-04-05T13:02:39","guid":{"rendered":"http:\/\/www.miguelfaccio.com.br\/blog\/?p=3462"},"modified":"2016-04-05T12:55:31","modified_gmt":"2016-04-05T12:55:31","slug":"plv540-livro-5-diario-01122011","status":"publish","type":"post","link":"https:\/\/www.miguelfaccio.com.br\/blog\/index.php\/plv540-livro-5-diario-01122011\/","title":{"rendered":"PLV540 &#8211; Livro 5 &#8211; Di\u00e1rio, 01\/12\/2011"},"content":{"rendered":"<p style=\"text-align: right;\"><strong>01\/12\/2011<\/strong><\/p>\n<p>A acelera\u00e7\u00e3o do tempo, coisa que parece fantasmag\u00f3rica, \u00e9 muito real. \u00c9 o somat\u00f3rio de muitos fatores que interferem na sua acelera\u00e7\u00e3o. N\u00e3o \u00e9 somente uma percep\u00e7\u00e3o da sensibilidade humana. Os animais e as aves tamb\u00e9m est\u00e3o sendo afetados por esse descompasso. A Terra est\u00e1 acelerando sua velocidade de rota\u00e7\u00e3o sobre seu eixo. A consequ\u00eancia disso \u00e9 a diminui\u00e7\u00e3o do tempo que leva para fazer uma volta completa, alterando por consequ\u00eancia a dura\u00e7\u00e3o do dia.<\/p>\n<p>Isso sinaliza para o futuro pr\u00f3ximo mudan\u00e7as muito grandes. \u00c9 a gesta\u00e7\u00e3o da nova dimens\u00e3o que se avizinha. Transforma\u00e7\u00f5es geol\u00f3gicas, zool\u00f3gicas e transforma\u00e7\u00f5es humanas. Disso gerar\u00e1 um refinamento ao n\u00edvel de planeta, na sua estabiliza\u00e7\u00e3o e na harmonia em seu clima. Tamb\u00e9m a n\u00edvel humano esse refinamento liberar\u00e1 o esp\u00edrito encarnado, de resgates e rein\u00edcio de tarefas n\u00e3o cumpridas.<\/p>\n<p>O ser se dedicar\u00e1 muito mais, no ser do que no ter.<\/p>\n","protected":false},"excerpt":{"rendered":"<p>01\/12\/2011 A acelera\u00e7\u00e3o do tempo, coisa que parece fantasmag\u00f3rica, \u00e9 muito real. \u00c9 o somat\u00f3rio de muitos fatores que interferem na sua acelera\u00e7\u00e3o. N\u00e3o \u00e9 somente uma percep\u00e7\u00e3o da sensibilidade humana. Os animais e as aves tamb\u00e9m est\u00e3o sendo afetados por esse descompasso. A Terra est\u00e1 acelerando sua velocidade de rota\u00e7\u00e3o sobre seu eixo. A [&hellip;]<\/p>\n","protected":false},"author":1,"featured_media":0,"comment_status":"open","ping_status":"open","sticky":false,"template":"","format":"standard","meta":{"_mi_skip_tracking":false},"categories":[11],"tags":[],"_links":{"self":[{"href":"https:\/\/www.miguelfaccio.com.br\/blog\/index.php\/wp-json\/wp\/v2\/posts\/3462"}],"collection":[{"href":"https:\/\/www.miguelfaccio.com.br\/blog\/index.php\/wp-json\/wp\/v2\/posts"}],"about":[{"href":"https:\/\/www.miguelfaccio.com.br\/blog\/index.php\/wp-json\/wp\/v2\/types\/post"}],"author":[{"embeddable":true,"href":"https:\/\/www.miguelfaccio.com.br\/blog\/index.php\/wp-json\/wp\/v2\/users\/1"}],"replies":[{"embeddable":true,"href":"https:\/\/www.miguelfaccio.com.br\/blog\/index.php\/wp-json\/wp\/v2\/comments?post=3462"}],"version-history":[{"count":1,"href":"https:\/\/www.miguelfaccio.com.br\/blog\/index.php\/wp-json\/wp\/v2\/posts\/3462\/revisions"}],"predecessor-version":[{"id":3463,"href":"https:\/\/www.miguelfaccio.com.br\/blog\/index.php\/wp-json\/wp\/v2\/posts\/3462\/revisions\/3463"}],"wp:attachment":[{"href":"https:\/\/www.miguelfaccio.com.br\/blog\/index.php\/wp-json\/wp\/v2\/media?parent=3462"}],"wp:term":[{"taxonomy":"category","embeddable":true,"href":"https:\/\/www.miguelfaccio.com.br\/blog\/index.php\/wp-json\/wp\/v2\/categories?post=3462"},{"taxonomy":"post_tag","embeddable":true,"href":"https:\/\/www.miguelfaccio.com.br\/blog\/index.php\/wp-json\/wp\/v2\/tags?post=3462"}],"curies":[{"name":"wp","href":"https:\/\/api.w.org\/{rel}","templated":true}]}}