{"id":3460,"date":"2015-04-04T12:17:14","date_gmt":"2015-04-04T12:17:14","guid":{"rendered":"http:\/\/www.miguelfaccio.com.br\/blog\/?p=3460"},"modified":"2015-04-04T12:17:14","modified_gmt":"2015-04-04T12:17:14","slug":"rcd475-raios-ou-chamas-2","status":"publish","type":"post","link":"https:\/\/www.miguelfaccio.com.br\/blog\/index.php\/rcd475-raios-ou-chamas-2\/","title":{"rendered":"RCD475- Raios ou Chamas"},"content":{"rendered":"<p style=\"text-align: right;\"><strong><span style=\"color: #ff00ff;\">Mensagem de Jav\u00e9<\/span><\/strong><\/p>\n<p style=\"text-align: right;\"><strong><span style=\"color: #ff6600;\">Sabe Marcio, vim s\u00f3 para comprar um p\u00e3o e repartir com voc\u00ea.<\/span><\/strong><\/p>\n<p>Nova mensagem &#8211; marcio Ontem \u00e0(s) 18:17<\/p>\n<p>Anuncio a voc\u00ea que mesmo sendo corajoso de ficar em paz ate agora, n\u00e3o haver\u00e1 segundo turno na hora que deixarmos estas naves para descermos ai na Terra.<\/p>\n<p>A tola ideia de que far\u00e3o negocia\u00e7\u00f5es ou tentar\u00e3o guerrear unindo for\u00e7as ou na\u00e7\u00f5es, ser\u00e1 tudo em v\u00e3o.<\/p>\n<p>Eu, o Marcio teria maior prazer em receber voc\u00eas aqui na Terra.<\/p>\n<p>Mas como sei de vossas dificuldades em vir, nem toco mais neste assunto.<\/p>\n<p>Em respeito a voc\u00ea n\u00e3o serei grosseiro.<\/p>\n<p>Mas confia em mim que sair\u00e1s desta e de todas as pr\u00f3ximas de forma magn\u00edfica.<\/p>\n<p>Obrigado.<\/p>\n<p>O que resta de respeito por voc\u00eas est\u00e1 acabando.<\/p>\n<p>E o que vai acontecer quando acabar, Senhor?<\/p>\n<p>Assino a carta de demiss\u00e3o de todos voc\u00eas do planeta Terra.<\/p>\n<p>Entendo.<\/p>\n<p>Filho a forma como vemos as coisas \u00e9 que \u00e9 diferente de como voc\u00eas veem as coisas.<\/p>\n<p>Aquilo ali a frente que vem contra voc\u00eas n\u00e3o diferencia o homem bom do homem ruim.<\/p>\n<p>Mas aquilo ali seja daqui a 20, 30 ou 40 anos n\u00e3o resolve quase nada.<\/p>\n<p>Porque voc\u00eas saem da crosta da Terra e aparecem no astral, mas voc\u00eas ainda continuam sendo os mesmos.<\/p>\n<p>Catastr\u00f3fico ou n\u00e3o, n\u00e3o faz a menor diferen\u00e7a al\u00e9m de alguns achar que \u00e9 castigo de Deus.<\/p>\n<p>Como se algu\u00e9m que vos ama fosse fazer algo de ruim a voc\u00eas.<\/p>\n<p>Mas a fat\u00eddica hora chega e quero ver quem tem coragem para olhar nos meus olhos.<\/p>\n<p>Com voc\u00ea n\u00e3o tenho problemas, mas com os outros 7, 8 bilh\u00f5es tenho sim muitos problemas.<\/p>\n<p>E n\u00e3o tenho como virar uma varinha m\u00e1gica e transformar voc\u00eas.<\/p>\n<p>Sabe Marcio, vim s\u00f3 para comprar um p\u00e3o e repartir com voc\u00ea.<\/p>\n<p>E j\u00e1 estou falando do que n\u00e3o quero falar.<\/p>\n<p>Porque agora quero fazer.<\/p>\n<p>Entendo.<\/p>\n<p>Atr\u00e1s de mim existem outros que querem fazer algo com voc\u00eas.<\/p>\n<p>Mas a conta ainda \u00e9 minha.<\/p>\n<p>Ent\u00e3o quero eu acertar primeiro com voc\u00eas.<\/p>\n<p>Senhor, varra para debaixo do tapete.<\/p>\n<p>Varro para debaixo do tapete e depois como fico eu com Deus.<\/p>\n<p>Sim, sei que sou Deus, mas tamb\u00e9m sou de barro perto do criador do universo.<\/p>\n<p>Sinceramente que sou assim perto do criador.<\/p>\n<p>Ent\u00e3o Senhor JAV\u00e9, eu sou como disse o Chico Xavier.<\/p>\n<p>Sou grama que nasce em qualquer lugar, kkkk.<\/p>\n<p>Filho na diminuta part\u00edcula ou na maior part\u00edcula todos somos importantes aos olhos de Deus.<\/p>\n<p>Mas confia em mim que mesmo tentado a n\u00e3o ir, irei ai ter com voc\u00eas.<\/p>\n<p>Confia.<\/p>\n<p>Que Deus seja louvado e lhe tire esta ideia da vossa cabe\u00e7a Senhor Jeov\u00e1.<\/p>\n<p>A sua vinda a Terra seria pior que um terremoto a cair na cabe\u00e7a deste povo sem f\u00e9.<\/p>\n<p>Fiz de tudo para n\u00e3o servir meu banquete na hora errada.<\/p>\n<p>Mas agora compreendo que voc\u00ea estava certo Marcio.<\/p>\n<p>Quem necessita de rem\u00e9dio (amargo) \u00e9 doente.<\/p>\n<p>Ent\u00e3o chegou a hora de sorver este rem\u00e9dio.<\/p>\n<p>Fiz da vinda do Mestre Jesus uma esperan\u00e7a de amor para todos voc\u00eas.<\/p>\n<p>Mas aquilo n\u00e3o deu certo.<\/p>\n<p>Voc\u00eas ficaram mais sem vergonha do que nunca.<\/p>\n<p>Caiu aquilo tudo com encaixe preciso na safadeza de voc\u00eas.<\/p>\n<p>Erram \u00e9 pedem perd\u00e3o.<\/p>\n<p>Isto quando n\u00e3o me agradecem pelo sucesso das vossas safadezas.<\/p>\n<p>N\u00e3o aguento mais ser Pai desta forma.<\/p>\n<p>Seguirei agora para adotar novos padr\u00f5es.<\/p>\n<p>Me aguardem.<\/p>\n<p>JAV\u00e9<\/p>\n","protected":false},"excerpt":{"rendered":"<p>Mensagem de Jav\u00e9 Sabe Marcio, vim s\u00f3 para comprar um p\u00e3o e repartir com voc\u00ea. Nova mensagem &#8211; marcio Ontem \u00e0(s) 18:17 Anuncio a voc\u00ea que mesmo sendo corajoso de ficar em paz ate agora, n\u00e3o haver\u00e1 segundo turno na hora que deixarmos estas naves para descermos ai na Terra. A tola ideia de que [&hellip;]<\/p>\n","protected":false},"author":1,"featured_media":0,"comment_status":"open","ping_status":"open","sticky":false,"template":"","format":"standard","meta":{"_mi_skip_tracking":false},"categories":[3],"tags":[],"_links":{"self":[{"href":"https:\/\/www.miguelfaccio.com.br\/blog\/index.php\/wp-json\/wp\/v2\/posts\/3460"}],"collection":[{"href":"https:\/\/www.miguelfaccio.com.br\/blog\/index.php\/wp-json\/wp\/v2\/posts"}],"about":[{"href":"https:\/\/www.miguelfaccio.com.br\/blog\/index.php\/wp-json\/wp\/v2\/types\/post"}],"author":[{"embeddable":true,"href":"https:\/\/www.miguelfaccio.com.br\/blog\/index.php\/wp-json\/wp\/v2\/users\/1"}],"replies":[{"embeddable":true,"href":"https:\/\/www.miguelfaccio.com.br\/blog\/index.php\/wp-json\/wp\/v2\/comments?post=3460"}],"version-history":[{"count":1,"href":"https:\/\/www.miguelfaccio.com.br\/blog\/index.php\/wp-json\/wp\/v2\/posts\/3460\/revisions"}],"predecessor-version":[{"id":3461,"href":"https:\/\/www.miguelfaccio.com.br\/blog\/index.php\/wp-json\/wp\/v2\/posts\/3460\/revisions\/3461"}],"wp:attachment":[{"href":"https:\/\/www.miguelfaccio.com.br\/blog\/index.php\/wp-json\/wp\/v2\/media?parent=3460"}],"wp:term":[{"taxonomy":"category","embeddable":true,"href":"https:\/\/www.miguelfaccio.com.br\/blog\/index.php\/wp-json\/wp\/v2\/categories?post=3460"},{"taxonomy":"post_tag","embeddable":true,"href":"https:\/\/www.miguelfaccio.com.br\/blog\/index.php\/wp-json\/wp\/v2\/tags?post=3460"}],"curies":[{"name":"wp","href":"https:\/\/api.w.org\/{rel}","templated":true}]}}