{"id":3454,"date":"2015-04-03T12:45:25","date_gmt":"2015-04-03T12:45:25","guid":{"rendered":"http:\/\/www.miguelfaccio.com.br\/blog\/?p=3454"},"modified":"2016-04-05T12:55:13","modified_gmt":"2016-04-05T12:55:13","slug":"plv538-livro-5-diario-29112011","status":"publish","type":"post","link":"https:\/\/www.miguelfaccio.com.br\/blog\/index.php\/plv538-livro-5-diario-29112011\/","title":{"rendered":"PLV538 &#8211; Livro 5 &#8211; Di\u00e1rio, 29\/11\/2011"},"content":{"rendered":"<p style=\"text-align: right;\"><strong>29\/11\/2011<\/strong><\/p>\n<p>O passar dos anos precisa ser o passar de experi\u00eancias que engrandecer\u00e3o o nosso esp\u00edrito. H\u00e1 a necessidade de passarmos por experi\u00eancias. Elas participam no desenvolvimento e no aprimoramento das nossas capacidades infundidas por Deus, ao nos criar, em nosso esp\u00edrito e que se encontram adormecidas. Adormecidas ainda por n\u00e3o termos conseguido acord\u00e1-las ou porque nos faltaram empenho e vontade de evoluir. S\u00e3o capacidades progressivas, isto \u00e9 v\u00e3o acordando aos poucos conforme avan\u00e7amos na senda da evolu\u00e7\u00e3o. S\u00e3o como que uma montanha: quanto mais se sobe, mais se alarga a nossa vis\u00e3o. Quando tivermos alcan\u00e7ado a plenitude de nossa evolu\u00e7\u00e3o, teremos tamb\u00e9m alcan\u00e7ado a plenitude de nossas capacidades, onde um pensamento \u00e9 uma ordem ao universo para que o execute.<\/p>\n<p>Assim agiam os grandes homens que passaram por nosso planeta. O mais admir\u00e1vel foi Jesus, que demonstrou en\u00e9simas vezes esse poder. O poder de criar, o poder de transformar e o poder de encantar a quem o ouvia.<\/p>\n","protected":false},"excerpt":{"rendered":"<p>29\/11\/2011 O passar dos anos precisa ser o passar de experi\u00eancias que engrandecer\u00e3o o nosso esp\u00edrito. H\u00e1 a necessidade de passarmos por experi\u00eancias. Elas participam no desenvolvimento e no aprimoramento das nossas capacidades infundidas por Deus, ao nos criar, em nosso esp\u00edrito e que se encontram adormecidas. Adormecidas ainda por n\u00e3o termos conseguido acord\u00e1-las ou [&hellip;]<\/p>\n","protected":false},"author":1,"featured_media":0,"comment_status":"open","ping_status":"open","sticky":false,"template":"","format":"standard","meta":{"_mi_skip_tracking":false},"categories":[11],"tags":[],"_links":{"self":[{"href":"https:\/\/www.miguelfaccio.com.br\/blog\/index.php\/wp-json\/wp\/v2\/posts\/3454"}],"collection":[{"href":"https:\/\/www.miguelfaccio.com.br\/blog\/index.php\/wp-json\/wp\/v2\/posts"}],"about":[{"href":"https:\/\/www.miguelfaccio.com.br\/blog\/index.php\/wp-json\/wp\/v2\/types\/post"}],"author":[{"embeddable":true,"href":"https:\/\/www.miguelfaccio.com.br\/blog\/index.php\/wp-json\/wp\/v2\/users\/1"}],"replies":[{"embeddable":true,"href":"https:\/\/www.miguelfaccio.com.br\/blog\/index.php\/wp-json\/wp\/v2\/comments?post=3454"}],"version-history":[{"count":1,"href":"https:\/\/www.miguelfaccio.com.br\/blog\/index.php\/wp-json\/wp\/v2\/posts\/3454\/revisions"}],"predecessor-version":[{"id":3455,"href":"https:\/\/www.miguelfaccio.com.br\/blog\/index.php\/wp-json\/wp\/v2\/posts\/3454\/revisions\/3455"}],"wp:attachment":[{"href":"https:\/\/www.miguelfaccio.com.br\/blog\/index.php\/wp-json\/wp\/v2\/media?parent=3454"}],"wp:term":[{"taxonomy":"category","embeddable":true,"href":"https:\/\/www.miguelfaccio.com.br\/blog\/index.php\/wp-json\/wp\/v2\/categories?post=3454"},{"taxonomy":"post_tag","embeddable":true,"href":"https:\/\/www.miguelfaccio.com.br\/blog\/index.php\/wp-json\/wp\/v2\/tags?post=3454"}],"curies":[{"name":"wp","href":"https:\/\/api.w.org\/{rel}","templated":true}]}}