{"id":2663,"date":"2014-10-04T12:14:06","date_gmt":"2014-10-04T12:14:06","guid":{"rendered":"http:\/\/www.miguelfaccio.com.br\/blog\/?p=2663"},"modified":"2016-04-04T20:22:01","modified_gmt":"2016-04-04T20:22:01","slug":"plv362-livro-4-diario-05062011","status":"publish","type":"post","link":"https:\/\/www.miguelfaccio.com.br\/blog\/index.php\/plv362-livro-4-diario-05062011\/","title":{"rendered":"PLV362-  Livro 4 &#8211; Di\u00e1rio, 05\/06\/2011"},"content":{"rendered":"<p>&nbsp;<\/p>\n<p style=\"text-align: right;\"><strong>05\/06\/2011<\/strong><\/p>\n<p>A vida que levamos \u00e9 a express\u00e3o exata do que vivemos no passado, em outras encarna\u00e7\u00f5es. Disso n\u00e3o podemos fugir. Podemos minorar as consequ\u00eancias, usando todos os meios para preparar a nossa pr\u00f3xima encarna\u00e7\u00e3o. Os fatos determinantes ter\u00e3o que ser quitados, para, assim, podermos formar as bases da nossa pr\u00f3xima encarna\u00e7\u00e3o. O advento da aplica\u00e7\u00e3o concomitante de diversos Raios ou Chamas Divinas pode fazer uma limpeza em nosso passado, retirando casc\u00f5es, lavras e miasmas que est\u00e3o grudados em nosso princ\u00edpio Divino, para libert\u00e1-lo. Essa liberta\u00e7\u00e3o ocasiona um al\u00edvio do carma a ser quitado. No momento em que o Princ\u00edpio Divino, o nosso EU SOU conseguir se libertar desses casc\u00f5es de energia negativa de vidas passadas, ter\u00e1 condi\u00e7\u00f5es de se congregar mais profundamente com todos os seres, seus irm\u00e3os por cria\u00e7\u00e3o e Deuses em evolu\u00e7\u00e3o. Precisamos nos conscientizar de que as coisas materiais desaparecem com a morte do corpo. Resta o que \u00e9 realmente importante que \u00e9 o esp\u00edrito, a ess\u00eancia Divina, que precisa evoluir para tamb\u00e9m se tornar Deus em a\u00e7\u00e3o.<\/p>\n","protected":false},"excerpt":{"rendered":"<p>&nbsp; 05\/06\/2011 A vida que levamos \u00e9 a express\u00e3o exata do que vivemos no passado, em outras encarna\u00e7\u00f5es. Disso n\u00e3o podemos fugir. Podemos minorar as consequ\u00eancias, usando todos os meios para preparar a nossa pr\u00f3xima encarna\u00e7\u00e3o. Os fatos determinantes ter\u00e3o que ser quitados, para, assim, podermos formar as bases da nossa pr\u00f3xima encarna\u00e7\u00e3o. O advento [&hellip;]<\/p>\n","protected":false},"author":1,"featured_media":0,"comment_status":"open","ping_status":"open","sticky":false,"template":"","format":"standard","meta":{"_mi_skip_tracking":false},"categories":[10],"tags":[],"_links":{"self":[{"href":"https:\/\/www.miguelfaccio.com.br\/blog\/index.php\/wp-json\/wp\/v2\/posts\/2663"}],"collection":[{"href":"https:\/\/www.miguelfaccio.com.br\/blog\/index.php\/wp-json\/wp\/v2\/posts"}],"about":[{"href":"https:\/\/www.miguelfaccio.com.br\/blog\/index.php\/wp-json\/wp\/v2\/types\/post"}],"author":[{"embeddable":true,"href":"https:\/\/www.miguelfaccio.com.br\/blog\/index.php\/wp-json\/wp\/v2\/users\/1"}],"replies":[{"embeddable":true,"href":"https:\/\/www.miguelfaccio.com.br\/blog\/index.php\/wp-json\/wp\/v2\/comments?post=2663"}],"version-history":[{"count":1,"href":"https:\/\/www.miguelfaccio.com.br\/blog\/index.php\/wp-json\/wp\/v2\/posts\/2663\/revisions"}],"predecessor-version":[{"id":2664,"href":"https:\/\/www.miguelfaccio.com.br\/blog\/index.php\/wp-json\/wp\/v2\/posts\/2663\/revisions\/2664"}],"wp:attachment":[{"href":"https:\/\/www.miguelfaccio.com.br\/blog\/index.php\/wp-json\/wp\/v2\/media?parent=2663"}],"wp:term":[{"taxonomy":"category","embeddable":true,"href":"https:\/\/www.miguelfaccio.com.br\/blog\/index.php\/wp-json\/wp\/v2\/categories?post=2663"},{"taxonomy":"post_tag","embeddable":true,"href":"https:\/\/www.miguelfaccio.com.br\/blog\/index.php\/wp-json\/wp\/v2\/tags?post=2663"}],"curies":[{"name":"wp","href":"https:\/\/api.w.org\/{rel}","templated":true}]}}