{"id":2659,"date":"2014-10-03T11:15:21","date_gmt":"2014-10-03T11:15:21","guid":{"rendered":"http:\/\/www.miguelfaccio.com.br\/blog\/?p=2659"},"modified":"2016-04-04T20:21:51","modified_gmt":"2016-04-04T20:21:51","slug":"plv361-livro-4-diario-04062011","status":"publish","type":"post","link":"https:\/\/www.miguelfaccio.com.br\/blog\/index.php\/plv361-livro-4-diario-04062011\/","title":{"rendered":"PLV361-  Livro 4 &#8211; Di\u00e1rio, 04\/06\/2011"},"content":{"rendered":"<p>&nbsp;<\/p>\n<p style=\"text-align: right;\"><strong>04\/06\/2011<\/strong><\/p>\n<p>A paz \u00e9 o resultado da busca incessante pelo nosso desenvolvimento espiritual. Quando tivermos resgatado todos os nossos erros, ou quando as vicissitudes forem encaradas como sendo resultado de nosso pr\u00f3prio desajuste, e aceitarmos tais resgates, e fizermos o esfor\u00e7o necess\u00e1rio para nos corrigirmos, ent\u00e3o estaremos em paz. Deus, como entende a grande maioria da humanidade n\u00e3o d\u00e1 a paz para ningu\u00e9m. Ali\u00e1s, falando melhor, Deus participa tamb\u00e9m de minha paz. Ele tem uma morada em meu cora\u00e7\u00e3o. Possuo dentro de mim um pouco da ess\u00eancia da pr\u00f3pria Divindade. \u00c9 esta a sua participa\u00e7\u00e3o, mas o esfor\u00e7o, a dedica\u00e7\u00e3o \u00e9 minha e somente minha. Sem o meu querer, nada acontece. Sou o dono e o respons\u00e1vel pelos meus atos. Com isso, tamb\u00e9m sou o gestor de minha paz. Ela se realiza quando eu assim o determinar, de acordo com minha vontade e querer. O que podemos e devemos \u00e9 externar a todos o nosso desejo de que fiquem em paz. De acordo com a Lei do C\u00edrculo, ela retornar\u00e1 novamente a n\u00f3s, que seremos os maiores beneficiados dessa paz.<\/p>\n","protected":false},"excerpt":{"rendered":"<p>&nbsp; 04\/06\/2011 A paz \u00e9 o resultado da busca incessante pelo nosso desenvolvimento espiritual. Quando tivermos resgatado todos os nossos erros, ou quando as vicissitudes forem encaradas como sendo resultado de nosso pr\u00f3prio desajuste, e aceitarmos tais resgates, e fizermos o esfor\u00e7o necess\u00e1rio para nos corrigirmos, ent\u00e3o estaremos em paz. Deus, como entende a grande [&hellip;]<\/p>\n","protected":false},"author":1,"featured_media":0,"comment_status":"open","ping_status":"open","sticky":false,"template":"","format":"standard","meta":{"_mi_skip_tracking":false},"categories":[10],"tags":[],"_links":{"self":[{"href":"https:\/\/www.miguelfaccio.com.br\/blog\/index.php\/wp-json\/wp\/v2\/posts\/2659"}],"collection":[{"href":"https:\/\/www.miguelfaccio.com.br\/blog\/index.php\/wp-json\/wp\/v2\/posts"}],"about":[{"href":"https:\/\/www.miguelfaccio.com.br\/blog\/index.php\/wp-json\/wp\/v2\/types\/post"}],"author":[{"embeddable":true,"href":"https:\/\/www.miguelfaccio.com.br\/blog\/index.php\/wp-json\/wp\/v2\/users\/1"}],"replies":[{"embeddable":true,"href":"https:\/\/www.miguelfaccio.com.br\/blog\/index.php\/wp-json\/wp\/v2\/comments?post=2659"}],"version-history":[{"count":1,"href":"https:\/\/www.miguelfaccio.com.br\/blog\/index.php\/wp-json\/wp\/v2\/posts\/2659\/revisions"}],"predecessor-version":[{"id":2660,"href":"https:\/\/www.miguelfaccio.com.br\/blog\/index.php\/wp-json\/wp\/v2\/posts\/2659\/revisions\/2660"}],"wp:attachment":[{"href":"https:\/\/www.miguelfaccio.com.br\/blog\/index.php\/wp-json\/wp\/v2\/media?parent=2659"}],"wp:term":[{"taxonomy":"category","embeddable":true,"href":"https:\/\/www.miguelfaccio.com.br\/blog\/index.php\/wp-json\/wp\/v2\/categories?post=2659"},{"taxonomy":"post_tag","embeddable":true,"href":"https:\/\/www.miguelfaccio.com.br\/blog\/index.php\/wp-json\/wp\/v2\/tags?post=2659"}],"curies":[{"name":"wp","href":"https:\/\/api.w.org\/{rel}","templated":true}]}}