{"id":2649,"date":"2014-09-30T11:45:27","date_gmt":"2014-09-30T11:45:27","guid":{"rendered":"http:\/\/www.miguelfaccio.com.br\/blog\/?p=2649"},"modified":"2014-09-30T11:45:27","modified_gmt":"2014-09-30T11:45:27","slug":"rcd342-raios-ou-chamas","status":"publish","type":"post","link":"https:\/\/www.miguelfaccio.com.br\/blog\/index.php\/rcd342-raios-ou-chamas\/","title":{"rendered":"RCD342 &#8211; Raios ou Chamas"},"content":{"rendered":"<p>&nbsp;<\/p>\n<p style=\"text-align: right;\"><strong><span style=\"color: #ff00ff;\">RELAT\u00d3RIO DA VIBRA\u00c7\u00c3O DAS <\/span><\/strong><br \/>\n<strong><span style=\"color: #ff00ff;\">TRANSI\u00c7\u00d5ES DA ALMA<\/span> <\/strong><br \/>\n<strong>JANEIRO DE 2011<\/strong><\/p>\n<p style=\"text-align: right;\"><strong><span style=\"color: #ff6600;\">Mensagem da Vastid\u00e3o do Ser<\/span> <\/strong><br \/>\n<strong>por Nancy Wallace Ward,<\/strong><\/p>\n<p>Vis\u00e3o Nova<\/p>\n<p>continua\u00e7\u00e3o<\/p>\n<p>Ao trazer a luz da consci\u00eancia para a energia da disc\u00f3rdia n\u00f3s sentimos, n\u00f3s ilumin\u00e1mos a situa\u00e7\u00e3o que ativou a ferida dentro de n\u00f3s. Se nos permitirmos sentir plenamente cada aspecto da dor que est\u00e1 associada \u00e0 ferida, podemos traz\u00ea-la para o nosso cora\u00e7\u00e3o e perdoarmo-nos. Podemos trazer as pessoas desta outra vida para fora da escurid\u00e3o em que est\u00e3o presas e integr\u00e1-las no nosso cora\u00e7\u00e3o.<\/p>\n<p>Ao faz\u00ea-lo, integramos a experi\u00eancia e removemos a energia densa que estava a bloquear a nossa capacidade para sermos o nosso eu aut\u00eantico. Sermos o nosso eu aut\u00eantico significa trazer a nossa Alma plenamente para o nosso ser. Assim, neste processo de trazer luz da nossa Alma para o nosso ser, a ferida vem \u00e0 tona. Preencher-nos com o elixir do amor \u00e9 o b\u00e1lsamo curador que acalma e traz a luz da consci\u00eancia para nos ajudar a integrar mais da nossa Alma no nosso ser. De volta em volta isto vai.<\/p>\n<p>Esta \u00e9 a p\u00f3s-gradua\u00e7\u00e3o no processo de despertar<\/p>\n<p>Olhar para a ferida \u00e9 encarar tudo o que negamos em n\u00f3s mesmos. Permanecermos na nossa F\u00e9 que \u00e9 a Divina Fonte de Energia \u2013 a Energia Vital do Amor \u2013 que est\u00e1 dentro de n\u00f3s \u2013 dentro dos nossos cora\u00e7\u00f5es \u2013, vai ajudar-nos a permanecermos firmes para que, quando as ondas de sentimentos e de mem\u00f3rias flu\u00edrem atrav\u00e9s de n\u00f3s, possamos simplesmente testemunhar o fluxo, reconhecendo com compaix\u00e3o aquilo por que nos temos julgado a n\u00f3s mesmos t\u00e3o duramente. Depois do fluxo dos sentimentos feridos, n\u00f3s vimos a perceber que a nossa Alma queria experimentar a separa\u00e7\u00e3o da Fonte Divina. Trata-se simplesmente da nossa Alma a experimentar tudo o que \u00e9 poss\u00edvel aqui na Terra. Esta compreens\u00e3o \u00e9 redentora e ajuda-nos a libertar o julgamento que temos vindo a manter contra n\u00f3s mesmos e os outros. Recuperamos o nosso poder, visto que j\u00e1 n\u00e3o nos vemos como v\u00edtimas ou perpetradores. Somos, simplesmente, o Esp\u00edrito a ter uma experi\u00eancia F\u00edsica. E, agora, escolhemos conscientemente a energia que desejamos experimentar\u2026 escolhemos a energia e deixamos os pormenores para a Fonte Divina enquanto n\u00f3s co-criamos o nosso mundo.<\/p>\n<p>Um maravilhoso efeito colateral desta experi\u00eancia \u00e9 que j\u00e1 n\u00e3o vai ser poss\u00edvel julgarmos os outros.<\/p>\n<p>Mudando o passado<\/p>\n<p>Outro efeito colateral \u00e9 que, enquanto n\u00f3s curamos as feridas do nosso passado profundo \u2013 que significa os ancestrais e outras vidas \u2013, estaremos a mudar e que conhecemos como \u201chist\u00f3ria\u201d. Ent\u00e3o, como vai acabar este show no nosso mundo? Sinto que tem alguma coisa a ver com a grande luz radiante \u2013 um dodecaedro estelar [http:\/\/en.wikipedia.org\/wiki\/Kepler%E2%80%93Poinsot_polyhedron] \u2013 que eu vejo a brilhar enquanto fa\u00e7o perscruto 2011. Esta geometria sagrada particular estimula o chacra do cora\u00e7\u00e3o e leva a nossa consci\u00eancia para dimens\u00f5es superiores. Os 12 pontos estelares ativam os nossos corpos energ\u00e9ticos e ajudam a integrar as polaridades da energia feminina e masculina. Esta forma de geometria sagrada desperta a compaix\u00e3o e o amor e estimula a gl\u00e2ndula pineal, que desperta a nossa consci\u00eancia f\u00edsica\/intuitiva e ativa as capacidades telep\u00e1ticas.<\/p>\n<p>Assim, o que quer que esta radi\u00e2ncia traga \u00e0 humanidade \u00e9, na verdade, um potente rem\u00e9dio.<\/p>\n<p>E, como eu disse antes, n\u00f3s tamb\u00e9m temos dodecaedros estelares de luz mais pequenos a brilhar, fornecendo-nos oportunidades para receber energia e ilumina\u00e7\u00e3o para o que quer que precisemos nesta jornada. Existem muitos portais que estamos a atravessar e cada um \u00e9 uma oportunidade de acelera\u00e7\u00e3o e crescimento. Ent\u00e3o, permanecei nessa luz sempre que a percepcionardes\u2026 ou pedi apenas para que ela venha e visualizai-vos a receb\u00ea-la atrav\u00e9s da geometria sagrada.<\/p>\n<p>Continua<\/p>\n","protected":false},"excerpt":{"rendered":"<p>&nbsp; RELAT\u00d3RIO DA VIBRA\u00c7\u00c3O DAS TRANSI\u00c7\u00d5ES DA ALMA JANEIRO DE 2011 Mensagem da Vastid\u00e3o do Ser por Nancy Wallace Ward, Vis\u00e3o Nova continua\u00e7\u00e3o Ao trazer a luz da consci\u00eancia para a energia da disc\u00f3rdia n\u00f3s sentimos, n\u00f3s ilumin\u00e1mos a situa\u00e7\u00e3o que ativou a ferida dentro de n\u00f3s. Se nos permitirmos sentir plenamente cada aspecto da [&hellip;]<\/p>\n","protected":false},"author":1,"featured_media":0,"comment_status":"open","ping_status":"open","sticky":false,"template":"","format":"standard","meta":{"_mi_skip_tracking":false},"categories":[3],"tags":[],"_links":{"self":[{"href":"https:\/\/www.miguelfaccio.com.br\/blog\/index.php\/wp-json\/wp\/v2\/posts\/2649"}],"collection":[{"href":"https:\/\/www.miguelfaccio.com.br\/blog\/index.php\/wp-json\/wp\/v2\/posts"}],"about":[{"href":"https:\/\/www.miguelfaccio.com.br\/blog\/index.php\/wp-json\/wp\/v2\/types\/post"}],"author":[{"embeddable":true,"href":"https:\/\/www.miguelfaccio.com.br\/blog\/index.php\/wp-json\/wp\/v2\/users\/1"}],"replies":[{"embeddable":true,"href":"https:\/\/www.miguelfaccio.com.br\/blog\/index.php\/wp-json\/wp\/v2\/comments?post=2649"}],"version-history":[{"count":1,"href":"https:\/\/www.miguelfaccio.com.br\/blog\/index.php\/wp-json\/wp\/v2\/posts\/2649\/revisions"}],"predecessor-version":[{"id":2650,"href":"https:\/\/www.miguelfaccio.com.br\/blog\/index.php\/wp-json\/wp\/v2\/posts\/2649\/revisions\/2650"}],"wp:attachment":[{"href":"https:\/\/www.miguelfaccio.com.br\/blog\/index.php\/wp-json\/wp\/v2\/media?parent=2649"}],"wp:term":[{"taxonomy":"category","embeddable":true,"href":"https:\/\/www.miguelfaccio.com.br\/blog\/index.php\/wp-json\/wp\/v2\/categories?post=2649"},{"taxonomy":"post_tag","embeddable":true,"href":"https:\/\/www.miguelfaccio.com.br\/blog\/index.php\/wp-json\/wp\/v2\/tags?post=2649"}],"curies":[{"name":"wp","href":"https:\/\/api.w.org\/{rel}","templated":true}]}}