{"id":2645,"date":"2014-09-29T11:15:47","date_gmt":"2014-09-29T11:15:47","guid":{"rendered":"http:\/\/www.miguelfaccio.com.br\/blog\/?p=2645"},"modified":"2014-09-29T11:15:47","modified_gmt":"2014-09-29T11:15:47","slug":"rcd341-raios-ou-chamas","status":"publish","type":"post","link":"https:\/\/www.miguelfaccio.com.br\/blog\/index.php\/rcd341-raios-ou-chamas\/","title":{"rendered":"RCD341 &#8211; Raios ou Chamas"},"content":{"rendered":"<p style=\"text-align: right;\"><strong><span style=\"color: #ff00ff;\">RELAT\u00d3RIO DA VIBRA\u00c7\u00c3O DAS\u00a0<\/span><\/strong><br \/>\n<strong><span style=\"color: #ff00ff;\">TRANSI\u00c7\u00d5ES DA ALMA\u00a0<\/span><\/strong><\/p>\n<p style=\"text-align: right;\"><strong>JANEIRO DE 2011<\/strong><\/p>\n<p style=\"text-align: right;\"><strong><span style=\"color: #ff6600;\">Mensagem da Vastid\u00e3o do Ser<\/span> <\/strong><br \/>\n<strong>por Nancy Wallace Ward,<\/strong><\/p>\n<p>Vis\u00e3o Nova<\/p>\n<p>&nbsp;<\/p>\n<p>continua\u00e7\u00e3o<\/p>\n<p>Se isto n\u00e3o soa ainda verdadeiro para v\u00f3s, vinde para o momento do agora em que o medo entra e usai a vossa respira\u00e7\u00e3o para vos centrardes no vosso corpo. Em seguida, permiti que o vosso 7\u00ba chacra \u2013 o chacra da coroa \u2013 se abra e invocai o Divino Esp\u00edrito. O medo pode fazer-nos sentir separados do todo da vida, incluindo da nossa conex\u00e3o com o Esp\u00edrito. Centrarmo-nos no 7\u00ba chacra e abrirmo-nos para a energia da Fonte ajuda-nos a perceber a imagem maior \u2013 a nossa conex\u00e3o com o mist\u00e9rio de Tudo O Que \u00c9 e a nossa participa\u00e7\u00e3o neste incr\u00edvel tempo de transforma\u00e7\u00e3o, \u00e0 medida que n\u00f3s, como humanos, estamos a transformar-nos nos nossos Eu\u2019s Divinos. N\u00f3s somos parte do grandioso programa de limpeza. Eu descobri que isto ajuda a olhar para a minha vida como uma aventura a partir da quietude do momento do agora, a mover-se para cada momento do agora\u2026 como um fractal infinito de possibilidades que \u00e9 guiado pelas minhas inten\u00e7\u00f5es e emo\u00e7\u00f5es.<\/p>\n<p>Quando o medo aparece, podeis notar que h\u00e1 alguns lugares em que este cobertor de medo adere \u2013 agarra-se\/adere \u00e0 parte da ferida que mais necessita de cura \u2013 como uma casca que n\u00e3o est\u00e1 pronta para sair. (Desculpai \u2013 n\u00e3o consigo encontrar outra analogia!) Tentai amar a ferida. Tentai enviar amor, amor puro para toda a situa\u00e7\u00e3o e todas as pessoas envolvidas incluindo, obviamente, v\u00f3s. Invocai a energia Feminina Divina para derramar o carinhoso n\u00e9ctar do amor e da compaix\u00e3o na ferida. E, depois, aquecei-vos nele. Chorai se o necessitardes, mas assegurai-vos que vos aqueceis, impregnai-vos nesse amor todo.<\/p>\n<p>O amor \u00e9 a maior energia que podemos cultivar para a cura em todos os n\u00edveis. Assim, tende a certeza que sentis esse amor dentro de v\u00f3s \u2013 o amor que tendes por v\u00f3s mesmos \u2013 todos os dias. Descobri-o logo pela manh\u00e3 quando acordais. E, mesmo antes de irdes dormir \u2013, banhai-vos em amor \u2013 senti-o dentro de v\u00f3s.<\/p>\n<p>Se tendes vindo a pedir por clareza ou liberta\u00e7\u00e3o em rela\u00e7\u00e3o a um determinado aspecto da vossa vida, ireis manifestar tudo o que precisais de curar ou de remover, mas muito provavelmente isso n\u00e3o vir\u00e1 da forma que pensais que vem. Por vezes n\u00e3o reconhecemos imediatamente a mensagem ou o mensageiro.<\/p>\n<p>A energia da persegui\u00e7\u00e3o est\u00e1 dentro dos vossos c\u00f3digos gen\u00e9ticos<\/p>\n<p>Para al\u00e9m de nos honrarmos e amarmos a n\u00f3s mesmos, estamos agora a abordar a quest\u00e3o da persegui\u00e7\u00e3o. Na primeira semana do ano estive imersa no processo de trazer a consci\u00eancia para uma ferida que estava envolvida com esta energia. Esta ferida tem vindo a aumentar \u00e0 luz da minha consci\u00eancia porque tenho pedido ajuda para remover este sentimento particular de discord\u00e2ncia que senti toda a minha vida. Existe uma experi\u00eancia de outra vida que manteve esta energia ativa no meu campo energ\u00e9tico.<\/p>\n<p>\u00c9 assim que isto me parece: a minha Alma est\u00e1 ligada a esta outra vida (normalmente, outras vidas s\u00e3o referidas como \u201cvidas passadas\u201d, mas eu sinto que est\u00e3o todas a acontecer de uma vez, em diferentes linhas do tempo) e, deste modo, nesta vida atual, sou diretamente afetada pelos assuntos inacabados de outras vidas em que a minha Alma se est\u00e1 a expressar.<\/p>\n<p>Integra\u00e7\u00e3o da Alma<\/p>\n<p>Atrav\u00e9s de compreens\u00e3o profunda e de comunica\u00e7\u00e3o direta com um ancestral meu, que \u00e9 tamb\u00e9m uma outra vida que a minha Alma est\u00e1 a vivenciar, fui capaz de integrar esta vida e de trazer esta parte de mim mesma para a luz da minha consci\u00eancia. Na verdade, trouxe-a da escurid\u00e3o para a luz do momento atual, e para o meu cora\u00e7\u00e3o. Isto envolveu uma conversa com a m\u00e3e dele em que lhe consegui mostrar a forma diferente de olhar para a situa\u00e7\u00e3o da vida dela, em rela\u00e7\u00e3o com a nossa experi\u00eancia da Alma partilhada.<\/p>\n<p>Continua<\/p>\n","protected":false},"excerpt":{"rendered":"<p>RELAT\u00d3RIO DA VIBRA\u00c7\u00c3O DAS\u00a0 TRANSI\u00c7\u00d5ES DA ALMA\u00a0 JANEIRO DE 2011 Mensagem da Vastid\u00e3o do Ser por Nancy Wallace Ward, Vis\u00e3o Nova &nbsp; continua\u00e7\u00e3o Se isto n\u00e3o soa ainda verdadeiro para v\u00f3s, vinde para o momento do agora em que o medo entra e usai a vossa respira\u00e7\u00e3o para vos centrardes no vosso corpo. Em seguida, [&hellip;]<\/p>\n","protected":false},"author":1,"featured_media":0,"comment_status":"open","ping_status":"open","sticky":false,"template":"","format":"standard","meta":{"_mi_skip_tracking":false},"categories":[3],"tags":[],"_links":{"self":[{"href":"https:\/\/www.miguelfaccio.com.br\/blog\/index.php\/wp-json\/wp\/v2\/posts\/2645"}],"collection":[{"href":"https:\/\/www.miguelfaccio.com.br\/blog\/index.php\/wp-json\/wp\/v2\/posts"}],"about":[{"href":"https:\/\/www.miguelfaccio.com.br\/blog\/index.php\/wp-json\/wp\/v2\/types\/post"}],"author":[{"embeddable":true,"href":"https:\/\/www.miguelfaccio.com.br\/blog\/index.php\/wp-json\/wp\/v2\/users\/1"}],"replies":[{"embeddable":true,"href":"https:\/\/www.miguelfaccio.com.br\/blog\/index.php\/wp-json\/wp\/v2\/comments?post=2645"}],"version-history":[{"count":1,"href":"https:\/\/www.miguelfaccio.com.br\/blog\/index.php\/wp-json\/wp\/v2\/posts\/2645\/revisions"}],"predecessor-version":[{"id":2646,"href":"https:\/\/www.miguelfaccio.com.br\/blog\/index.php\/wp-json\/wp\/v2\/posts\/2645\/revisions\/2646"}],"wp:attachment":[{"href":"https:\/\/www.miguelfaccio.com.br\/blog\/index.php\/wp-json\/wp\/v2\/media?parent=2645"}],"wp:term":[{"taxonomy":"category","embeddable":true,"href":"https:\/\/www.miguelfaccio.com.br\/blog\/index.php\/wp-json\/wp\/v2\/categories?post=2645"},{"taxonomy":"post_tag","embeddable":true,"href":"https:\/\/www.miguelfaccio.com.br\/blog\/index.php\/wp-json\/wp\/v2\/tags?post=2645"}],"curies":[{"name":"wp","href":"https:\/\/api.w.org\/{rel}","templated":true}]}}