{"id":2641,"date":"2014-09-28T11:40:35","date_gmt":"2014-09-28T11:40:35","guid":{"rendered":"http:\/\/www.miguelfaccio.com.br\/blog\/?p=2641"},"modified":"2014-09-28T11:40:35","modified_gmt":"2014-09-28T11:40:35","slug":"rcd340-raios-ou-chamas","status":"publish","type":"post","link":"https:\/\/www.miguelfaccio.com.br\/blog\/index.php\/rcd340-raios-ou-chamas\/","title":{"rendered":"RCD340 &#8211; Raios ou Chamas"},"content":{"rendered":"<p>&nbsp;<\/p>\n<p style=\"text-align: right;\"><strong><span style=\"color: #ff00ff;\">RELAT\u00d3RIO DA VIBRA\u00c7\u00c3O DAS <\/span><\/strong><br \/>\n<strong><span style=\"color: #ff00ff;\">TRANSI\u00c7\u00d5ES DA ALMA<\/span><\/strong><br \/>\n<strong> JANEIRO DE 2011<\/strong><\/p>\n<p style=\"text-align: right;\"><strong><span style=\"color: #ff6600;\">Mensagem da Vastid\u00e3o do Se<\/span>r <\/strong><br \/>\n<strong>por Nancy Wallace Ward,<\/strong><\/p>\n<p>Vis\u00e3o Nova<\/p>\n<p>continua\u00e7\u00e3o<\/p>\n<p>J\u00e1 2011 tem sido repleto de eventos, tanto no que diz respeito \u00e0 introspec\u00e7\u00e3o pessoal como \u00e0 transforma\u00e7\u00e3o. Eu sinto-me, literalmente, \u201cdeslizando\u201d para este ano com os meus dois p\u00e9s e bra\u00e7os estendidos, como se andasse de skate. Como se eu fosse jorrada para este lugar novo \u2026 assim, enquanto olho \u00e0 volta\u2026 \u00e9 uma esp\u00e9cie de escurid\u00e3o misteriosa, mas eu vejo sentimentos, pensamentos e ideias iluminarem-se como coisas org\u00e2nicas luminosas a crescerem nesta paisagem \u00edndigo \u2026 e l\u00e1 \u00e0 frente \u2026. talvez daqui a poucos meses, eu vejo radi\u00e2ncia. Vejo uma luz muito brilhante irradiando as cores iridescentes do arco-\u00edris em todas as dire\u00e7\u00f5es. Esta luz vem de uma forma geom\u00e9trica \u2013 um dodecaedro estelar. Estamos a caminhar para esta luz. Vai haver caos e choques inesperados e pilares para navegar, mas a gra\u00e7a iluminar\u00e1 o nosso caminho.<\/p>\n<p>&nbsp;<\/p>\n<p>Vis\u00e3o Nova, por Nancy Leilah Ward<\/p>\n<p>Feixes de Ilumina\u00e7\u00e3o<\/p>\n<p>H\u00e1 outras luzes, mais pequenas a pulsar como uma bola m\u00edstica de discoteca, a brilhar feixes de luz. Se n\u00f3s entrarmos num feixe, podemos ter uma experi\u00eancia de ilumina\u00e7\u00e3o que levar\u00e1 \u00e0 integra\u00e7\u00e3o e remo\u00e7\u00e3o dos restos das feridas que temos vindo a trabalhar para curar. N\u00e3o se trata de deitar alguma coisa fora, de a empurrar ou de a tapar \u2013 esse processo n\u00e3o funciona! Trata-se de iluminar com a consci\u00eancia e de integrar a informa\u00e7\u00e3o atrav\u00e9s da compaix\u00e3o e do amor. \u00c9 assim que a ferida \u00e9 curada, ou removida, do campo energ\u00e9tico da nossa Alma.<\/p>\n<p>A verdade est\u00e1 a ser revelada<\/p>\n<p>Os guias dizem-me isto, na verdade, um ano de radi\u00e2ncia, pois a Luz revelar\u00e1 a Verdade e a verdade libertar-nos-\u00e1. Haver\u00e1 alguns eventos que abrir\u00e3o toda uma nova forma de olhar para a humanidade e para a \u201chist\u00f3ria\u201d. A verdade acerca da origem e do desenvolvimento da humanidade tem vindo \u00e0 tona desde h\u00e1 algum tempo e aqueles que t\u00eam procurado respostas encontraram alguma informa\u00e7\u00e3o interessante. Mas vai haver um acontecimento que ser\u00e1 um despertar \u2026 uma aurora da verdade. O que \u00e9, eles n\u00e3o v\u00e3o dizer, porque haveria um surto e um descarregar de energia na espontaneidade desta ilumina\u00e7\u00e3o que seria difundida se tudo fosse revelado antes do tempo.<\/p>\n<p>Contudo, sinto que parte disso tem a ver com uma revela\u00e7\u00e3o completa sobre OVNI\u2019S e extraterrestres. Esta informa\u00e7\u00e3o est\u00e1 j\u00e1 a chegar e a Vastid\u00e3o do Ser tem vindo a dizer que toda a remo\u00e7\u00e3o e realinhamento que temos estado a fazer n\u00e3o \u00e9 apenas para encarnarmos plenamente a nossa Alma, o nosso Eu \u2013 Divino, mas \u00e9 tamb\u00e9m uma prepara\u00e7\u00e3o para quando nos encontrarmos com os nossos irm\u00e3os e irm\u00e3s de \u201coutro lugar\u201d.<\/p>\n<p>O medo est\u00e1 a perder o seu controlo<\/p>\n<p>No ano passado, muitos viram as suas vidas totalmente reorganizadas. Podemos dizer uma ora\u00e7\u00e3o para que todas as profundas mudan\u00e7as e liberta\u00e7\u00e3o que sofremos nos ajudem a ver a d\u00e1diva destas mudan\u00e7as, visto que elas ocorreram para nos alinhar com a nossa verdade.<\/p>\n<p>O medo \u00e9 uma forma de energia que cont\u00e9m uma resson\u00e2ncia densa e podemos referir qualquer hist\u00f3ria que queiramos. Mas trata-se, simplesmente, de energia. E estamos a aprender que o medo n\u00e3o tem poder sobre n\u00f3s pois somos Esp\u00edrito Divino, que \u00e9 a for\u00e7a vital que flui atrav\u00e9s de n\u00f3s.<\/p>\n<p>Muitos de n\u00f3s estamos a come\u00e7ar a notar que o medo que sentimos ao longo dos \u00faltimos anos n\u00e3o permanece conosco por muito mais tempo. \u00c9 como um pesado cobertor escuro que est\u00e1 a sair de cima de n\u00f3s porque, \u00e0 medida que continuamos a elevar a nossa vibra\u00e7\u00e3o, o medo j\u00e1 n\u00e3o tem lugares onde possa enfiar-se ou encaixar. Existe uma componente de n\u00e3o nos importarmos mais quando o medo come\u00e7a a infiltrar-se \u2013 ou uma sensa\u00e7\u00e3o de recusa de ceder ao medo porque, n\u00e3o importa quanto medo ou preocupa\u00e7\u00e3o tenhamos sentido, estamos ainda bem, estamos ainda aqui. Alguns viram os seus piores medos tornarem-se verdadeiros no ano passado e, no entanto, eles ainda est\u00e3o aqui e ainda est\u00e3o a crescer e ainda a testemunhar as mudan\u00e7as nas suas vidas \u2013 e a ver que est\u00e3o num novo come\u00e7o.<\/p>\n<p>Continua<\/p>\n<p>&nbsp;<\/p>\n","protected":false},"excerpt":{"rendered":"<p>&nbsp; RELAT\u00d3RIO DA VIBRA\u00c7\u00c3O DAS TRANSI\u00c7\u00d5ES DA ALMA JANEIRO DE 2011 Mensagem da Vastid\u00e3o do Ser por Nancy Wallace Ward, Vis\u00e3o Nova continua\u00e7\u00e3o J\u00e1 2011 tem sido repleto de eventos, tanto no que diz respeito \u00e0 introspec\u00e7\u00e3o pessoal como \u00e0 transforma\u00e7\u00e3o. Eu sinto-me, literalmente, \u201cdeslizando\u201d para este ano com os meus dois p\u00e9s e bra\u00e7os [&hellip;]<\/p>\n","protected":false},"author":1,"featured_media":0,"comment_status":"open","ping_status":"open","sticky":false,"template":"","format":"standard","meta":{"_mi_skip_tracking":false},"categories":[3],"tags":[],"_links":{"self":[{"href":"https:\/\/www.miguelfaccio.com.br\/blog\/index.php\/wp-json\/wp\/v2\/posts\/2641"}],"collection":[{"href":"https:\/\/www.miguelfaccio.com.br\/blog\/index.php\/wp-json\/wp\/v2\/posts"}],"about":[{"href":"https:\/\/www.miguelfaccio.com.br\/blog\/index.php\/wp-json\/wp\/v2\/types\/post"}],"author":[{"embeddable":true,"href":"https:\/\/www.miguelfaccio.com.br\/blog\/index.php\/wp-json\/wp\/v2\/users\/1"}],"replies":[{"embeddable":true,"href":"https:\/\/www.miguelfaccio.com.br\/blog\/index.php\/wp-json\/wp\/v2\/comments?post=2641"}],"version-history":[{"count":1,"href":"https:\/\/www.miguelfaccio.com.br\/blog\/index.php\/wp-json\/wp\/v2\/posts\/2641\/revisions"}],"predecessor-version":[{"id":2642,"href":"https:\/\/www.miguelfaccio.com.br\/blog\/index.php\/wp-json\/wp\/v2\/posts\/2641\/revisions\/2642"}],"wp:attachment":[{"href":"https:\/\/www.miguelfaccio.com.br\/blog\/index.php\/wp-json\/wp\/v2\/media?parent=2641"}],"wp:term":[{"taxonomy":"category","embeddable":true,"href":"https:\/\/www.miguelfaccio.com.br\/blog\/index.php\/wp-json\/wp\/v2\/categories?post=2641"},{"taxonomy":"post_tag","embeddable":true,"href":"https:\/\/www.miguelfaccio.com.br\/blog\/index.php\/wp-json\/wp\/v2\/tags?post=2641"}],"curies":[{"name":"wp","href":"https:\/\/api.w.org\/{rel}","templated":true}]}}