{"id":2633,"date":"2014-09-26T13:00:30","date_gmt":"2014-09-26T13:00:30","guid":{"rendered":"http:\/\/www.miguelfaccio.com.br\/blog\/?p=2633"},"modified":"2014-09-26T13:00:30","modified_gmt":"2014-09-26T13:00:30","slug":"rcd338-raios-ou-chamas","status":"publish","type":"post","link":"https:\/\/www.miguelfaccio.com.br\/blog\/index.php\/rcd338-raios-ou-chamas\/","title":{"rendered":"RCD338 &#8211; Raios ou Chamas"},"content":{"rendered":"<p>&nbsp;<\/p>\n<p style=\"text-align: right;\"><strong><span style=\"color: #ff00ff;\">RELAT\u00d3RIO DA VIBRA\u00c7\u00c3O DAS <\/span><\/strong><br \/>\n<strong><span style=\"color: #ff00ff;\">TRANSI\u00c7\u00d5ES DA ALMA<\/span> <\/strong><br \/>\n<strong>JANEIRO DE 2011<\/strong><\/p>\n<p style=\"text-align: right;\"><strong><span style=\"color: #ff6600;\">Mensagem da Vastid\u00e3o do Ser<\/span> <\/strong><br \/>\n<strong>por Nancy Wallace Ward,<\/strong><\/p>\n<p>Vis\u00e3o Nova<\/p>\n<p>continua\u00e7\u00e3o<\/p>\n<p>Um maravilhoso efeito colateral desta experi\u00eancia \u00e9 que j\u00e1 n\u00e3o vai ser poss\u00edvel julgarmos os outros.<\/p>\n<p>Mudando o passado<\/p>\n<p>Outro efeito colateral \u00e9 que, enquanto n\u00f3s curamos as feridas do nosso passado profundo \u2013 que significa os ancestrais e outras vidas \u2013, estaremos a mudar e que conhecemos como \u201chist\u00f3ria\u201d. Ent\u00e3o, como vai acabar este show no nosso mundo? Sinto que tem alguma coisa a ver com a grande luz radiante \u2013 um dodecaedro estelar [http:\/\/en.wikipedia.org\/wiki\/Kepler%E2%80%93Poinsot_polyhedron] \u2013 que eu vejo a brilhar enquanto fa\u00e7o perscruto 2011. Esta geometria sagrada particular estimula o chacra do cora\u00e7\u00e3o e leva a nossa consci\u00eancia para dimens\u00f5es superiores. Os 12 pontos estelares cativam os nossos corpos energ\u00e9ticos e ajudam a integrar as polaridades da energia feminina e masculina. Esta forma de geometria sagrada desperta a compaix\u00e3o e o amor e estimula a gl\u00e2ndula pineal, que desperta a nossa consci\u00eancia f\u00edsica\/intuitiva e ativa as capacidades telep\u00e1ticas.<\/p>\n<p>Assim, o que quer que esta radi\u00e2ncia traga \u00e0 humanidade \u00e9, na verdade, um potente rem\u00e9dio.<\/p>\n<p>E, como eu disse antes, n\u00f3s tamb\u00e9m temos dodecaedros estelares de luz mais pequenos a brilhar, fornecendo-nos oportunidades para receber energia e ilumina\u00e7\u00e3o para o que quer que precisemos nesta jornada. Existem muitos portais que estamos a atravessar e cada um \u00e9 uma oportunidade de acelera\u00e7\u00e3o e crescimento. Ent\u00e3o, permanecei nessa luz sempre que a percepcionardes\u2026 ou pedi apenas para que ela venha e visualizai-vos a receb\u00ea-la atrav\u00e9s da geometria sagrada.<\/p>\n<p>E agora uma mensagem sobre onde estamos a caminhar a partir da Vastid\u00e3o do Ser, recebida depois da meia-noite, dia 1-01-11<\/p>\n<p>Este Ano Novo est\u00e1 a abrir-se para muitos reinos diversos. Uma radi\u00e2ncia est\u00e1 a chegar da Humanidade e ir\u00e1 continuar a crescer \u00e0 medida que vos amais. Enquanto sentis amor \u2013 felicidade \u2013 paz a brotar de dentro de v\u00f3s e a irradiar para fora. Esta radi\u00e2ncia \u00e9 um farol de luz. Carrega a resson\u00e2ncia do amor e est\u00e1 a crescer e a expandir-se. \u00c1 medida que cresce, ele alcan\u00e7a\u2026 irradia da Terra tal como a luz de H\u00e9lios, o vosso sol, irradia para fora. Esta radi\u00e2ncia trar\u00e1 muita alegria e b\u00ean\u00e7\u00e3os para a Humanidade.<\/p>\n<p>\u00c0 medida que esta radi\u00e2ncia cresce, deslocar-vos-eis para outra dimens\u00e3o \u2013 todos \u2013 incluindo a Terra \u2013 se ir\u00e3o deslocar para outra dimens\u00e3o. O momento do agora \u00e9 tudo o que conhecereis e sentir-vos-eis livres como uma crian\u00e7a. E, enquanto todos v\u00f3s fazeis esta mudan\u00e7a dimensional, tudo sobre a Terra se tornar\u00e1 vivo como nunca esteve antes. A vossa experi\u00eancia de vida ser\u00e1 refor\u00e7ada para al\u00e9m das palavras. E a Terra e todos os que nela habitam ser\u00e3o um farol envolvidos em energias de alegria. Um mundo novo \u2013 uma humanidade nova surgir\u00e1 \u2013 e v\u00f3s vireis a saber quem sois. Ver-vos-eis a v\u00f3s pr\u00f3prios nos olhos uns dos outros e nunca mais estareis separados por ensinamentos e religi\u00f5es, pela cor ou pela ra\u00e7a. Ireis celebrar a vossa diversidade.<\/p>\n<p>Continua<\/p>\n<p>&nbsp;<\/p>\n","protected":false},"excerpt":{"rendered":"<p>&nbsp; RELAT\u00d3RIO DA VIBRA\u00c7\u00c3O DAS TRANSI\u00c7\u00d5ES DA ALMA JANEIRO DE 2011 Mensagem da Vastid\u00e3o do Ser por Nancy Wallace Ward, Vis\u00e3o Nova continua\u00e7\u00e3o Um maravilhoso efeito colateral desta experi\u00eancia \u00e9 que j\u00e1 n\u00e3o vai ser poss\u00edvel julgarmos os outros. Mudando o passado Outro efeito colateral \u00e9 que, enquanto n\u00f3s curamos as feridas do nosso passado [&hellip;]<\/p>\n","protected":false},"author":1,"featured_media":0,"comment_status":"open","ping_status":"open","sticky":false,"template":"","format":"standard","meta":{"_mi_skip_tracking":false},"categories":[3],"tags":[],"_links":{"self":[{"href":"https:\/\/www.miguelfaccio.com.br\/blog\/index.php\/wp-json\/wp\/v2\/posts\/2633"}],"collection":[{"href":"https:\/\/www.miguelfaccio.com.br\/blog\/index.php\/wp-json\/wp\/v2\/posts"}],"about":[{"href":"https:\/\/www.miguelfaccio.com.br\/blog\/index.php\/wp-json\/wp\/v2\/types\/post"}],"author":[{"embeddable":true,"href":"https:\/\/www.miguelfaccio.com.br\/blog\/index.php\/wp-json\/wp\/v2\/users\/1"}],"replies":[{"embeddable":true,"href":"https:\/\/www.miguelfaccio.com.br\/blog\/index.php\/wp-json\/wp\/v2\/comments?post=2633"}],"version-history":[{"count":1,"href":"https:\/\/www.miguelfaccio.com.br\/blog\/index.php\/wp-json\/wp\/v2\/posts\/2633\/revisions"}],"predecessor-version":[{"id":2634,"href":"https:\/\/www.miguelfaccio.com.br\/blog\/index.php\/wp-json\/wp\/v2\/posts\/2633\/revisions\/2634"}],"wp:attachment":[{"href":"https:\/\/www.miguelfaccio.com.br\/blog\/index.php\/wp-json\/wp\/v2\/media?parent=2633"}],"wp:term":[{"taxonomy":"category","embeddable":true,"href":"https:\/\/www.miguelfaccio.com.br\/blog\/index.php\/wp-json\/wp\/v2\/categories?post=2633"},{"taxonomy":"post_tag","embeddable":true,"href":"https:\/\/www.miguelfaccio.com.br\/blog\/index.php\/wp-json\/wp\/v2\/tags?post=2633"}],"curies":[{"name":"wp","href":"https:\/\/api.w.org\/{rel}","templated":true}]}}