{"id":2629,"date":"2014-09-25T11:25:20","date_gmt":"2014-09-25T11:25:20","guid":{"rendered":"http:\/\/www.miguelfaccio.com.br\/blog\/?p=2629"},"modified":"2014-09-25T11:25:20","modified_gmt":"2014-09-25T11:25:20","slug":"rcd337-raios-ou-chamas","status":"publish","type":"post","link":"https:\/\/www.miguelfaccio.com.br\/blog\/index.php\/rcd337-raios-ou-chamas\/","title":{"rendered":"RCD337 &#8211; Raios ou Chamas"},"content":{"rendered":"<p style=\"text-align: right;\"><strong><span style=\"color: #ff00ff;\">RELAT\u00d3RIO DA VIBRA\u00c7\u00c3O DAS <\/span><\/strong><br \/>\n<strong><span style=\"color: #ff00ff;\">TRANSI\u00c7\u00d5ES DA ALMA<\/span> <\/strong><br \/>\n<strong>JANEIRO DE 2011<\/strong><\/p>\n<p style=\"text-align: right;\"><strong><span style=\"color: #ff6600;\">Mensagem da Vastid\u00e3o do Ser<\/span> <\/strong><br \/>\n<strong>por Nancy Wallace Ward,<\/strong><\/p>\n<p>Vis\u00e3o Nova<\/p>\n<p>continua\u00e7\u00e3o<\/p>\n<p>A energia da persegui\u00e7\u00e3o est\u00e1 dentro dos vossos c\u00f3digos gen\u00e9ticos<\/p>\n<p>Para al\u00e9m de nos honrarmos e amarmos a n\u00f3s mesmos, estamos agora a abordar a quest\u00e3o da persegui\u00e7\u00e3o. Na primeira semana do ano estive imersa no processo de trazer a consci\u00eancia para uma ferida que estava envolvida com esta energia. Esta ferida tem vindo a aumentar \u00e0 luz da minha consci\u00eancia porque tenho pedido ajuda para remover este sentimento particular de discord\u00e2ncia que senti toda a minha vida. Existe uma experi\u00eancia de outra vida que manteve esta energia ativa no meu campo energ\u00e9tico.<\/p>\n<p>\u00c9 assim que isto me parece: a minha Alma est\u00e1 ligada a esta outra vida (normalmente, outras vidas s\u00e3o referidas como \u201cvidas passadas\u201d, mas eu sinto que est\u00e3o todas a acontecer de uma vez, em diferentes linhas do tempo) e, deste modo, nesta vida atual, sou diretamente afetada pelos assuntos inacabados de outras vidas em que a minha Alma se est\u00e1 a expressar.<\/p>\n<p>Integra\u00e7\u00e3o da Alma<\/p>\n<p>Atrav\u00e9s de compreens\u00e3o profunda e de comunica\u00e7\u00e3o direta com um ancestral meu, que \u00e9 tamb\u00e9m uma outra vida que a minha Alma est\u00e1 a vivenciar, fui capaz de integrar esta vida e de trazer esta parte de mim mesma para a luz da minha consci\u00eancia. Na verdade, trouxe-a da escurid\u00e3o para a luz do momento atual, e para o meu cora\u00e7\u00e3o. Isto envolveu uma conversa com a m\u00e3e dele em que lhe consegui mostrar a forma diferente de olhar para a situa\u00e7\u00e3o da vida dela, em rela\u00e7\u00e3o com a nossa experi\u00eancia da Alma partilhada.<\/p>\n<p>Ao trazer a luz da consci\u00eancia para a energia da disc\u00f3rdia n\u00f3s sentimos, n\u00f3s ilumin\u00e1mos a situa\u00e7\u00e3o que ativou a ferida dentro de n\u00f3s. Se nos permitirmos sentir plenamente cada aspecto da dor que est\u00e1 associada \u00e0 ferida, podemos traz\u00ea-la para o nosso cora\u00e7\u00e3o e perdoarmo-nos. Podemos trazer as pessoas desta outra vida para fora da escurid\u00e3o em que est\u00e3o presas e integr\u00e1-las no nosso cora\u00e7\u00e3o.<\/p>\n<p>Ao faz\u00ea-lo, integramos a experi\u00eancia e removemos a energia densa que estava a bloquear a nossa capacidade para sermos o nosso eu aut\u00eantico. Sermos o nosso eu aut\u00eantico significa trazer a nossa Alma plenamente para o nosso ser. Assim, neste processo de trazer luz da nossa Alma para o nosso ser, a ferida vem \u00e0 tona. Preencher-nos com o elixir do amor \u00e9 o b\u00e1lsamo curador que acalma e traz a luz da consci\u00eancia para nos ajudar a integrar mais da nossa Alma no nosso ser. De volta em volta isto vai.<\/p>\n<p>Esta \u00e9 a p\u00f3s-gradua\u00e7\u00e3o no processo de despertar<\/p>\n<p>Olhar para a ferida \u00e9 encarar tudo o que negamos em n\u00f3s mesmos. Permanecermos na nossa F\u00e9 que \u00e9 a Divina Fonte de Energia \u2013 a Energia Vital do Amor \u2013 que est\u00e1 dentro de n\u00f3s \u2013 dentro dos nossos cora\u00e7\u00f5es \u2013, vai ajudar-nos a permanecermos firmes para que, quando as ondas de sentimentos e de mem\u00f3rias flu\u00edrem atrav\u00e9s de n\u00f3s, possamos simplesmente testemunhar o fluxo, reconhecendo com compaix\u00e3o aquilo por que nos temos julgado a n\u00f3s mesmos t\u00e3o duramente. Depois do fluxo dos sentimentos feridos, n\u00f3s vimos a perceber que a nossa Alma queria experimentar a separa\u00e7\u00e3o da Fonte Divina. Trata-se simplesmente da nossa Alma a experimentar tudo o que \u00e9 poss\u00edvel aqui na Terra. Esta compreens\u00e3o \u00e9 redentora e ajuda-nos a libertar o julgamento que temos vindo a manter contra n\u00f3s mesmos e os outros. Recuperamos o nosso poder, visto que j\u00e1 n\u00e3o nos vemos como v\u00edtimas ou perpetradores. Somos, simplesmente, o Esp\u00edrito a ter uma experi\u00eancia F\u00edsica. E, agora, escolhemos conscientemente a energia que desejamos experimentar\u2026 escolhemos a energia e deixamos os pormenores para a Fonte Divina enquanto n\u00f3s co-criamos o nosso mundo.<\/p>\n<p>Continua<\/p>\n<p>&nbsp;<\/p>\n","protected":false},"excerpt":{"rendered":"<p>RELAT\u00d3RIO DA VIBRA\u00c7\u00c3O DAS TRANSI\u00c7\u00d5ES DA ALMA JANEIRO DE 2011 Mensagem da Vastid\u00e3o do Ser por Nancy Wallace Ward, Vis\u00e3o Nova continua\u00e7\u00e3o A energia da persegui\u00e7\u00e3o est\u00e1 dentro dos vossos c\u00f3digos gen\u00e9ticos Para al\u00e9m de nos honrarmos e amarmos a n\u00f3s mesmos, estamos agora a abordar a quest\u00e3o da persegui\u00e7\u00e3o. Na primeira semana do ano [&hellip;]<\/p>\n","protected":false},"author":1,"featured_media":0,"comment_status":"open","ping_status":"open","sticky":false,"template":"","format":"standard","meta":{"_mi_skip_tracking":false},"categories":[3],"tags":[],"_links":{"self":[{"href":"https:\/\/www.miguelfaccio.com.br\/blog\/index.php\/wp-json\/wp\/v2\/posts\/2629"}],"collection":[{"href":"https:\/\/www.miguelfaccio.com.br\/blog\/index.php\/wp-json\/wp\/v2\/posts"}],"about":[{"href":"https:\/\/www.miguelfaccio.com.br\/blog\/index.php\/wp-json\/wp\/v2\/types\/post"}],"author":[{"embeddable":true,"href":"https:\/\/www.miguelfaccio.com.br\/blog\/index.php\/wp-json\/wp\/v2\/users\/1"}],"replies":[{"embeddable":true,"href":"https:\/\/www.miguelfaccio.com.br\/blog\/index.php\/wp-json\/wp\/v2\/comments?post=2629"}],"version-history":[{"count":1,"href":"https:\/\/www.miguelfaccio.com.br\/blog\/index.php\/wp-json\/wp\/v2\/posts\/2629\/revisions"}],"predecessor-version":[{"id":2630,"href":"https:\/\/www.miguelfaccio.com.br\/blog\/index.php\/wp-json\/wp\/v2\/posts\/2629\/revisions\/2630"}],"wp:attachment":[{"href":"https:\/\/www.miguelfaccio.com.br\/blog\/index.php\/wp-json\/wp\/v2\/media?parent=2629"}],"wp:term":[{"taxonomy":"category","embeddable":true,"href":"https:\/\/www.miguelfaccio.com.br\/blog\/index.php\/wp-json\/wp\/v2\/categories?post=2629"},{"taxonomy":"post_tag","embeddable":true,"href":"https:\/\/www.miguelfaccio.com.br\/blog\/index.php\/wp-json\/wp\/v2\/tags?post=2629"}],"curies":[{"name":"wp","href":"https:\/\/api.w.org\/{rel}","templated":true}]}}