{"id":2575,"date":"2014-09-15T10:16:19","date_gmt":"2014-09-15T10:16:19","guid":{"rendered":"http:\/\/www.miguelfaccio.com.br\/blog\/?p=2575"},"modified":"2016-04-04T20:16:08","modified_gmt":"2016-04-04T20:16:08","slug":"plv343-livro-4-diario-17052011","status":"publish","type":"post","link":"https:\/\/www.miguelfaccio.com.br\/blog\/index.php\/plv343-livro-4-diario-17052011\/","title":{"rendered":"PLV343-  Livro 4 &#8211; Di\u00e1rio, 17\/05\/2011"},"content":{"rendered":"<p>&nbsp;<\/p>\n<p style=\"text-align: right;\"><strong>17\/05\/2011<\/strong><\/p>\n<p>As verdades reveladas pelo Cristo ainda ecoam com toda a intensidade pelo universo. Hoje talvez com maior intensidade que no tempo de Jesus. Hoje, imensa quantidade de seres, o tempo todo, a cada segundo, est\u00e1 repetindo em coro, assim aumentando a vibra\u00e7\u00e3o que elas emanam. Embora muita coisa da prega\u00e7\u00e3o do Cristo tenha sido mal interpretada, mesmo assim ainda representam a pr\u00f3pria palavra proferida por Jesus. Nem uma palavra deixou de representar a nota da imensa sintonia que \u00e9 a prega\u00e7\u00e3o do Mestre. O entendimento que cada um ter\u00e1 do seu ensinamento depende da pr\u00f3pria evolu\u00e7\u00e3o espiritual individual. Conforme cada ser evolui tamb\u00e9m evolui o seu entendimento dessa sinfonia maravilhosa. Chegar\u00e1 o momento em que ser\u00e1 intelectualizada e especialmente vivenciada. Nesse momento, seremos unos<b> <\/b>com todos, assim como o pr\u00f3prio Cristo disse: \u201c<i>Eu e o Pai somos um<\/i>\u201d. Porque teremos entendido e vivenciado o \u201c<i>V\u00f3s Sois Deuses<\/i>\u201d, que dizia Jesus.<\/p>\n","protected":false},"excerpt":{"rendered":"<p>&nbsp; 17\/05\/2011 As verdades reveladas pelo Cristo ainda ecoam com toda a intensidade pelo universo. Hoje talvez com maior intensidade que no tempo de Jesus. Hoje, imensa quantidade de seres, o tempo todo, a cada segundo, est\u00e1 repetindo em coro, assim aumentando a vibra\u00e7\u00e3o que elas emanam. Embora muita coisa da prega\u00e7\u00e3o do Cristo tenha [&hellip;]<\/p>\n","protected":false},"author":1,"featured_media":0,"comment_status":"open","ping_status":"open","sticky":false,"template":"","format":"standard","meta":{"_mi_skip_tracking":false},"categories":[10],"tags":[],"_links":{"self":[{"href":"https:\/\/www.miguelfaccio.com.br\/blog\/index.php\/wp-json\/wp\/v2\/posts\/2575"}],"collection":[{"href":"https:\/\/www.miguelfaccio.com.br\/blog\/index.php\/wp-json\/wp\/v2\/posts"}],"about":[{"href":"https:\/\/www.miguelfaccio.com.br\/blog\/index.php\/wp-json\/wp\/v2\/types\/post"}],"author":[{"embeddable":true,"href":"https:\/\/www.miguelfaccio.com.br\/blog\/index.php\/wp-json\/wp\/v2\/users\/1"}],"replies":[{"embeddable":true,"href":"https:\/\/www.miguelfaccio.com.br\/blog\/index.php\/wp-json\/wp\/v2\/comments?post=2575"}],"version-history":[{"count":1,"href":"https:\/\/www.miguelfaccio.com.br\/blog\/index.php\/wp-json\/wp\/v2\/posts\/2575\/revisions"}],"predecessor-version":[{"id":2576,"href":"https:\/\/www.miguelfaccio.com.br\/blog\/index.php\/wp-json\/wp\/v2\/posts\/2575\/revisions\/2576"}],"wp:attachment":[{"href":"https:\/\/www.miguelfaccio.com.br\/blog\/index.php\/wp-json\/wp\/v2\/media?parent=2575"}],"wp:term":[{"taxonomy":"category","embeddable":true,"href":"https:\/\/www.miguelfaccio.com.br\/blog\/index.php\/wp-json\/wp\/v2\/categories?post=2575"},{"taxonomy":"post_tag","embeddable":true,"href":"https:\/\/www.miguelfaccio.com.br\/blog\/index.php\/wp-json\/wp\/v2\/tags?post=2575"}],"curies":[{"name":"wp","href":"https:\/\/api.w.org\/{rel}","templated":true}]}}