{"id":2544,"date":"2014-09-08T11:40:33","date_gmt":"2014-09-08T11:40:33","guid":{"rendered":"http:\/\/www.miguelfaccio.com.br\/blog\/?p=2544"},"modified":"2014-09-08T11:43:04","modified_gmt":"2014-09-08T11:43:04","slug":"rcd318-raios-ou-chamas-3","status":"publish","type":"post","link":"https:\/\/www.miguelfaccio.com.br\/blog\/index.php\/rcd318-raios-ou-chamas-3\/","title":{"rendered":"RCD320 &#8211; Raios ou Chamas"},"content":{"rendered":"<p>&nbsp;<\/p>\n<p style=\"text-align: right;\"><strong><span style=\"color: #ff00ff;\">OS NOVOS RAIOS DA EXPRESS\u00c3O INDIVIDUALIZADA<\/span><\/strong><\/p>\n<p style=\"text-align: right;\"><strong><span style=\"color: #ff6600;\">Mensagem do Arcanjo Miguel<\/span> <\/strong><br \/>\n<strong>atrav\u00e9s de Ronna Vezane<\/strong><\/p>\n<p>01 de maio de 2014<\/p>\n<p>continua\u00e7\u00e3o<\/p>\n<p>Agora concentrem-se no corpo emocional: Enquanto est\u00e3o na cabeceira da sua mesa de cristal, vejam o seu corpo emocional manifestar-se e assumir a forma sobre a mesa. Como o seu corpo emocional lhes parece? Estudem-no por um momento e observem os diferentes tons, cores e forma que constituem o seu corpo emocional. Voc\u00eas podem ficar surpresos com o que veem. Se a sua vis\u00e3o interna n\u00e3o estiver ativada nesse momento, pe\u00e7a que isso aconte\u00e7a, mas, por enquanto, apenas intuam a forma e as cores que est\u00e3o presentes. N\u00e3o importa o que voc\u00eas perceberem, ser\u00e1 v\u00e1lido, e se continuarem praticando, os seus sentidos interiores v\u00e3o aperfei\u00e7oar-se em focar. Voc\u00eas podem come\u00e7ar por pedir que as frequ\u00eancias do Raio de puro amor do Criador derramem-se e preencha-os a ponto de transbordar, lavando toda sensa\u00e7\u00e3o de inadequa\u00e7\u00e3o, culpa, vergonha e d\u00favida. Agora, por sua vez, invoquem o Raio da compaix\u00e3o; o Raio da miseric\u00f3rdia e do perd\u00e3o; os Raios da receptividade, paix\u00e3o, paz, harmonia, benevol\u00eancia, intui\u00e7\u00e3o refinada, coragem, e assim por diante. Em seguida, vejam o seu corpo emocional sendo preenchido com cada uma dessas energias espec\u00edficas conforme voc\u00eas integram a quantidade m\u00e1xima que lhes seja adequada em um determinado momento.<\/p>\n<p>Agora concentrem-se no corpo mental: Novamente, estejam na cabeceira da sua mesa de cristal, e vejam o seu corpo mental manifestar-se e assumir a forma sobre a mesa. Como o seu corpo mental lhes parece? \u00c9 forte e bem definido, ou silenciado com cores confusas e distorcidas? Pe\u00e7am que os Raios da verdade, vontade, coragem, sabedoria, intelig\u00eancia, foco, criatividade, pensamento Divino, linguagem\/padr\u00f5es de Luz, geometria sagrada, disciplina, organiza\u00e7\u00e3o, informa\u00e7\u00e3o cient\u00edfica, ordem; o Raio da recep\u00e7\u00e3o; o Raio de dar e partilhar, cada um por sua vez, des\u00e7a atrav\u00e9s do grande cristal gerador, que paira sobre o centro da mesa em sua Pir\u00e2mide de Luz pessoal. A sua Presen\u00e7a EU SOU filtrar\u00e1 a Ess\u00eancia de cada Raio da express\u00e3o em sua forma mais pura em sua r\u00e9plica et\u00e9rica. Vejam a sua pir\u00e2mide sendo preenchida com a Ess\u00eancia e o poder de cada um desses Raios \u00e0 medida que eles permeiam tudo internamente. Saibam que voc\u00eas v\u00e3o trazer o dom de cada Raio de volta com voc\u00eas ao dom\u00ednio f\u00edsico em que residem atualmente. \u00c9 seu para reivindicar, utilizar e compartilhar, enquanto verdadeiramente assumem o seu papel como Co-criadores com o nosso Deu Pai\/M\u00e3e.<\/p>\n<p>Voc\u00eas tamb\u00e9m podem se concentrar em seu Corpo Et\u00e9rico, que cont\u00e9m o modelo do seu Corpo de Luz. O corpo et\u00e9rico circunda o recipiente f\u00edsico, e as distor\u00e7\u00f5es e imperfei\u00e7\u00f5es se alojaram ali antes de se manifestarem em seu recept\u00e1culo f\u00edsico. Agora o processo est\u00e1 sendo revertido. A Ess\u00eancia da Cria\u00e7\u00e3o aperfei\u00e7oada da forma f\u00edsica est\u00e1 armazenada no corpo et\u00e9rico, e voc\u00eas devem preencher essa parte do seu Ser com a Luz harmoniosa, mais uma vez, de modo que seja acess\u00edvel ao seu corpo f\u00edsico. Com o que se assemelha o seu corpo et\u00e9rico? Voc\u00eas podem ver as teias escuras de energia distorcida por toda a parte? Existem manchas que s\u00e3o mais densas e mais escuras do que outras? Onde elas est\u00e3o? Isso vai dizer-lhes onde o seu corpo est\u00e1 fora de equil\u00edbrio e com mais afli\u00e7\u00e3o, e onde provavelmente voc\u00eas v\u00e3o experimentar a pr\u00f3xima crise de sa\u00fade ou mal estar.<\/p>\n<p>continua<\/p>\n","protected":false},"excerpt":{"rendered":"<p>&nbsp; OS NOVOS RAIOS DA EXPRESS\u00c3O INDIVIDUALIZADA Mensagem do Arcanjo Miguel atrav\u00e9s de Ronna Vezane 01 de maio de 2014 continua\u00e7\u00e3o Agora concentrem-se no corpo emocional: Enquanto est\u00e3o na cabeceira da sua mesa de cristal, vejam o seu corpo emocional manifestar-se e assumir a forma sobre a mesa. Como o seu corpo emocional lhes parece? [&hellip;]<\/p>\n","protected":false},"author":1,"featured_media":0,"comment_status":"open","ping_status":"open","sticky":false,"template":"","format":"standard","meta":{"_mi_skip_tracking":false},"categories":[3],"tags":[],"_links":{"self":[{"href":"https:\/\/www.miguelfaccio.com.br\/blog\/index.php\/wp-json\/wp\/v2\/posts\/2544"}],"collection":[{"href":"https:\/\/www.miguelfaccio.com.br\/blog\/index.php\/wp-json\/wp\/v2\/posts"}],"about":[{"href":"https:\/\/www.miguelfaccio.com.br\/blog\/index.php\/wp-json\/wp\/v2\/types\/post"}],"author":[{"embeddable":true,"href":"https:\/\/www.miguelfaccio.com.br\/blog\/index.php\/wp-json\/wp\/v2\/users\/1"}],"replies":[{"embeddable":true,"href":"https:\/\/www.miguelfaccio.com.br\/blog\/index.php\/wp-json\/wp\/v2\/comments?post=2544"}],"version-history":[{"count":2,"href":"https:\/\/www.miguelfaccio.com.br\/blog\/index.php\/wp-json\/wp\/v2\/posts\/2544\/revisions"}],"predecessor-version":[{"id":2547,"href":"https:\/\/www.miguelfaccio.com.br\/blog\/index.php\/wp-json\/wp\/v2\/posts\/2544\/revisions\/2547"}],"wp:attachment":[{"href":"https:\/\/www.miguelfaccio.com.br\/blog\/index.php\/wp-json\/wp\/v2\/media?parent=2544"}],"wp:term":[{"taxonomy":"category","embeddable":true,"href":"https:\/\/www.miguelfaccio.com.br\/blog\/index.php\/wp-json\/wp\/v2\/categories?post=2544"},{"taxonomy":"post_tag","embeddable":true,"href":"https:\/\/www.miguelfaccio.com.br\/blog\/index.php\/wp-json\/wp\/v2\/tags?post=2544"}],"curies":[{"name":"wp","href":"https:\/\/api.w.org\/{rel}","templated":true}]}}