{"id":2531,"date":"2014-09-05T14:37:50","date_gmt":"2014-09-05T14:37:50","guid":{"rendered":"http:\/\/www.miguelfaccio.com.br\/blog\/?p=2531"},"modified":"2014-09-05T14:37:50","modified_gmt":"2014-09-05T14:37:50","slug":"rcd317-raios-ou-chamas","status":"publish","type":"post","link":"https:\/\/www.miguelfaccio.com.br\/blog\/index.php\/rcd317-raios-ou-chamas\/","title":{"rendered":"RCD317 &#8211; Raios ou Chamas"},"content":{"rendered":"<p>&nbsp;<\/p>\n<p style=\"text-align: right;\"><strong><span style=\"color: #ff00ff;\">OS NOVOS RAIOS DA EXPRESS\u00c3O INDIVIDUALIZADA<\/span><\/strong><\/p>\n<p style=\"text-align: right;\"><strong><span style=\"color: #ff6600;\">Mensagem do Arcanjo Miguel<\/span><\/strong><br \/>\n<strong> atrav\u00e9s de Ronna Vezane<\/strong><\/p>\n<p>01 de maio de 2014<\/p>\n<p>continua\u00e7\u00e3o<\/p>\n<p>Explicamos-lhes como s\u00e3o radiantes as Esta\u00e7\u00f5es de Luz, em formato de pir\u00e2mide, que est\u00e3o dispon\u00edveis ao longo deste Subuniverso, dentro de cada dimens\u00e3o e subdimens\u00e3o, onde voc\u00eas deixaram uma r\u00e9plica et\u00e9rica de si mesmos, cada vez que fragmentaram ou se separaram da sua Ess\u00eancia, em facetas cada vez menores da consci\u00eancia masculina e feminina. O seu Cord\u00e3o de Luz\/Vida et\u00e9rico tece um caminho por todo este Subuniverso. O filamento da Luz Divina que os conecta a cada um dos fragmentos do Eu (Self) est\u00e1 tamb\u00e9m conectado firmemente ao seu Eu Divino\/Presen\u00e7a EU SOU, nosso Deus Pai\/M\u00e3e dentro do Grande Sol Central, e no final das contas, ao Criador Supremo.<\/p>\n<p>Quando voc\u00eas v\u00e3o para a Pir\u00e2mide Mundial de Luz, que cont\u00e9m uma r\u00e9plica hologr\u00e1fica do mundo, e inspiram Amor\/Luz do Criador e expiram o amor sagrado e incondicional, essa energia maravilhosa \u00e9 filtrada ou dilu\u00edda de modo que possa ser recebida por todos os que est\u00e3o prontos e dispostos a abrir o centro do seu cora\u00e7\u00e3o, assim, iniciando o processo de transforma\u00e7\u00e3o para o Ser humano\/espiritual.<\/p>\n<p>Quando voc\u00eas t\u00eam acesso a sua pir\u00e2mide pessoal ou constroem uma pir\u00e2mide para um projeto ou tarefa espec\u00edfica, voc\u00eas abrem o caminho para a plena for\u00e7a, variedade e espectro dos novos Raios da Express\u00e3o para derramar em seu templo de Luz e para ajud\u00e1-los em seus empenhos. Voc\u00eas est\u00e3o abrindo o seu portal pessoal para a abund\u00e2ncia, enquanto criam um espa\u00e7o sagrado para a Mente Divina reunir-se a voc\u00eas no processo co-criativo. Lembrem-se, dissemos-lhes muitas vezes, voc\u00eas s\u00e3o mestres da co-cria\u00e7\u00e3o, apenas se esqueceram. Lembrem-se tamb\u00e9m de que a abund\u00e2ncia vem em uma variedade de formas.<\/p>\n<p>O processo da Respira\u00e7\u00e3o do Infinito \u00e9 outro meio de acessar as novas energias da Cria\u00e7\u00e3o. Conforme voc\u00eas acionam o chacra da ascens\u00e3o, localizado no topo da coluna vertebral e na base do cr\u00e2nio, voc\u00eas come\u00e7am o processo de abertura do portal para a consci\u00eancia gal\u00e1ctica. Esse principal ponto de igni\u00e7\u00e3o \u00e9 uma parte vital do atual processo da evolu\u00e7\u00e3o humana. Toda a humanidade estava programada para esse evento, e mais cedo ou mais tarde, ocorrer\u00e1 a cada alma individual na Terra. Conforme voc\u00eas executam a Respira\u00e7\u00e3o do Infinito e veem-na fazendo la\u00e7adas para a Terra e em dire\u00e7\u00e3o aos \u00e9teres, voc\u00eas est\u00e3o tamb\u00e9m ajudando a tornar essa impressionante d\u00e1diva dispon\u00edvel \u00e0 primeira, segunda, terceira e quarta dimens\u00f5es, e a cada faceta da consci\u00eancia Divina nelas.<\/p>\n<p>continua<\/p>\n","protected":false},"excerpt":{"rendered":"<p>&nbsp; OS NOVOS RAIOS DA EXPRESS\u00c3O INDIVIDUALIZADA Mensagem do Arcanjo Miguel atrav\u00e9s de Ronna Vezane 01 de maio de 2014 continua\u00e7\u00e3o Explicamos-lhes como s\u00e3o radiantes as Esta\u00e7\u00f5es de Luz, em formato de pir\u00e2mide, que est\u00e3o dispon\u00edveis ao longo deste Subuniverso, dentro de cada dimens\u00e3o e subdimens\u00e3o, onde voc\u00eas deixaram uma r\u00e9plica et\u00e9rica de si mesmos, [&hellip;]<\/p>\n","protected":false},"author":1,"featured_media":0,"comment_status":"open","ping_status":"open","sticky":false,"template":"","format":"standard","meta":{"_mi_skip_tracking":false},"categories":[3],"tags":[],"_links":{"self":[{"href":"https:\/\/www.miguelfaccio.com.br\/blog\/index.php\/wp-json\/wp\/v2\/posts\/2531"}],"collection":[{"href":"https:\/\/www.miguelfaccio.com.br\/blog\/index.php\/wp-json\/wp\/v2\/posts"}],"about":[{"href":"https:\/\/www.miguelfaccio.com.br\/blog\/index.php\/wp-json\/wp\/v2\/types\/post"}],"author":[{"embeddable":true,"href":"https:\/\/www.miguelfaccio.com.br\/blog\/index.php\/wp-json\/wp\/v2\/users\/1"}],"replies":[{"embeddable":true,"href":"https:\/\/www.miguelfaccio.com.br\/blog\/index.php\/wp-json\/wp\/v2\/comments?post=2531"}],"version-history":[{"count":1,"href":"https:\/\/www.miguelfaccio.com.br\/blog\/index.php\/wp-json\/wp\/v2\/posts\/2531\/revisions"}],"predecessor-version":[{"id":2532,"href":"https:\/\/www.miguelfaccio.com.br\/blog\/index.php\/wp-json\/wp\/v2\/posts\/2531\/revisions\/2532"}],"wp:attachment":[{"href":"https:\/\/www.miguelfaccio.com.br\/blog\/index.php\/wp-json\/wp\/v2\/media?parent=2531"}],"wp:term":[{"taxonomy":"category","embeddable":true,"href":"https:\/\/www.miguelfaccio.com.br\/blog\/index.php\/wp-json\/wp\/v2\/categories?post=2531"},{"taxonomy":"post_tag","embeddable":true,"href":"https:\/\/www.miguelfaccio.com.br\/blog\/index.php\/wp-json\/wp\/v2\/tags?post=2531"}],"curies":[{"name":"wp","href":"https:\/\/api.w.org\/{rel}","templated":true}]}}