{"id":21436,"date":"2026-09-01T08:34:07","date_gmt":"2026-09-01T11:34:07","guid":{"rendered":"https:\/\/www.miguelfaccio.com.br\/blog\/?p=21436"},"modified":"2026-09-01T08:34:10","modified_gmt":"2026-09-01T11:34:10","slug":"plv4685-livro-30-diario-14-03-2024","status":"publish","type":"post","link":"https:\/\/www.miguelfaccio.com.br\/blog\/index.php\/plv4685-livro-30-diario-14-03-2024\/","title":{"rendered":"PLV4685 \u2013 Livro 30 \u2013 DI\u00c1RIO, 14\/03\/2024"},"content":{"rendered":"\n<p class=\"has-text-align-right\"><strong>14\/03\/2024<\/strong><\/p>\n\n\n\n<p>Estamos pr\u00f3ximos do fim dessa jornada em terceira dimens\u00e3o. Isso n\u00e3o quer dizer nosso fim. Isso quer dizer que estamos muito pr\u00f3ximos de nossa eleva\u00e7\u00e3o espiritual. Iniciando nova caminhada na quinta dimens\u00e3o. Essa dimens\u00e3o nos leva para o entendimento total de nossa realidade. O corpo ser\u00e1 muito mais d\u00f3cil ao esp\u00edrito porque entender\u00e1, d\u00e1 para dizer, plenamente, sua dualidade e sua fun\u00e7\u00e3o de instrumento de seu parceiro na busca da evolu\u00e7\u00e3o. A evolu\u00e7\u00e3o, at\u00e9 d\u00e1 para dizer, n\u00e3o tem fim, porque s\u00e3o 26 dimens\u00f5es evolutivas existentes no universo. Cada dimens\u00e3o det\u00e9m um m\u00ednimo de conhecimentos necess\u00e1rios a experienciar e manipular a mat\u00e9ria. Ao menos nas primeiras dimens\u00f5es o esp\u00edrito precisa trocar seguidamente de corpos para poder aumentar o n\u00famero de conhecimentos que precisa experienciar, entender e fixar em seu consciente. O corpo normalmente inicia com uma forma de agir e n\u00e3o muda durante a sua vida. O esp\u00edrito precisa de muita versatilidade de seu corpo, seu instrumento para ser adaptar a cada conhecimento que precisa ser experienciado. Aquele corpo que lhe fora muito fiel, e o conduziu \u00e0 ascens\u00e3o, o esp\u00edrito o levar\u00e1 junto na ascens\u00e3o e ser\u00e1 o corpo que o envolver\u00e1 pela eternidade. O esp\u00edrito precisar\u00e1 sempre de um instrumento, um corpo, n\u00e3o importa o grau evolutivo que j\u00e1 tenha alcan\u00e7ado.<\/p>\n","protected":false},"excerpt":{"rendered":"<p>14\/03\/2024 Estamos pr\u00f3ximos do fim dessa jornada em terceira dimens\u00e3o. Isso n\u00e3o quer dizer nosso fim. Isso quer dizer que estamos muito pr\u00f3ximos de nossa eleva\u00e7\u00e3o espiritual. Iniciando nova caminhada na quinta dimens\u00e3o. Essa dimens\u00e3o nos leva para o entendimento total de nossa realidade. O corpo ser\u00e1 muito mais d\u00f3cil ao esp\u00edrito porque entender\u00e1, d\u00e1 [&hellip;]<\/p>\n","protected":false},"author":1,"featured_media":0,"comment_status":"open","ping_status":"open","sticky":false,"template":"","format":"standard","meta":{"_mi_skip_tracking":false},"categories":[36],"tags":[],"_links":{"self":[{"href":"https:\/\/www.miguelfaccio.com.br\/blog\/index.php\/wp-json\/wp\/v2\/posts\/21436"}],"collection":[{"href":"https:\/\/www.miguelfaccio.com.br\/blog\/index.php\/wp-json\/wp\/v2\/posts"}],"about":[{"href":"https:\/\/www.miguelfaccio.com.br\/blog\/index.php\/wp-json\/wp\/v2\/types\/post"}],"author":[{"embeddable":true,"href":"https:\/\/www.miguelfaccio.com.br\/blog\/index.php\/wp-json\/wp\/v2\/users\/1"}],"replies":[{"embeddable":true,"href":"https:\/\/www.miguelfaccio.com.br\/blog\/index.php\/wp-json\/wp\/v2\/comments?post=21436"}],"version-history":[{"count":1,"href":"https:\/\/www.miguelfaccio.com.br\/blog\/index.php\/wp-json\/wp\/v2\/posts\/21436\/revisions"}],"predecessor-version":[{"id":21437,"href":"https:\/\/www.miguelfaccio.com.br\/blog\/index.php\/wp-json\/wp\/v2\/posts\/21436\/revisions\/21437"}],"wp:attachment":[{"href":"https:\/\/www.miguelfaccio.com.br\/blog\/index.php\/wp-json\/wp\/v2\/media?parent=21436"}],"wp:term":[{"taxonomy":"category","embeddable":true,"href":"https:\/\/www.miguelfaccio.com.br\/blog\/index.php\/wp-json\/wp\/v2\/categories?post=21436"},{"taxonomy":"post_tag","embeddable":true,"href":"https:\/\/www.miguelfaccio.com.br\/blog\/index.php\/wp-json\/wp\/v2\/tags?post=21436"}],"curies":[{"name":"wp","href":"https:\/\/api.w.org\/{rel}","templated":true}]}}