{"id":21432,"date":"2026-08-31T08:16:46","date_gmt":"2026-08-31T11:16:46","guid":{"rendered":"https:\/\/www.miguelfaccio.com.br\/blog\/?p=21432"},"modified":"2026-08-31T08:16:49","modified_gmt":"2026-08-31T11:16:49","slug":"plv4684-livro-30-diario-13-03-2024","status":"publish","type":"post","link":"https:\/\/www.miguelfaccio.com.br\/blog\/index.php\/plv4684-livro-30-diario-13-03-2024\/","title":{"rendered":"PLV4684 \u2013 Livro 30 \u2013 DI\u00c1RIO, 13\/03\/2024"},"content":{"rendered":"\n<p class=\"has-text-align-right\"><strong>13\/03\/2024<\/strong><\/p>\n\n\n\n<p>O ser humano precisa mudar. O mundo precisa mudar. Ningu\u00e9m foi criado para ser p\u00e1ria no universo. Ningu\u00e9m foi criado para, simplesmente, vegetar neste curto espa\u00e7o de tempo em que seu corpo deveria ser um bom instrumento de seu esp\u00edrito. Ao contr\u00e1rio, tornou-se um algoz para si pr\u00f3prio. Descr\u00ea de tudo e de todos. S\u00f3 lhe serve o que seu desequilibrado consciente lhe manda fazer. Vive apenas para a mat\u00e9ria, e isso, s\u00f3 o que o beneficia. Certamente n\u00e3o crer que tenha junto dele um esp\u00edrito. Ignora totalmente as condi\u00e7\u00f5es de sua dualidade. Vive at\u00e9 de forma isolada, a menos seu pequeno grupo, de insanos como ele. Desconhece que o ser humano \u00e9 um ser social, que precisa viver com a coletividade, assim como qualquer ra\u00e7a de animal. O ser humano, em primeiro lugar, precisa ser parceiro de sua outra parte da dualidade, corpo\/esp\u00edrito. O corpo como sendo um parceiro tempor\u00e1rio, pois tem um tempo curto de vida, precisa auxiliar seu EU o esp\u00edrito a experienciar os conhecimentos. Coisa que tamb\u00e9m n\u00e3o tem consci\u00eancia. Essa forma de exist\u00eancia precisa mudar. Estamos muito pr\u00f3ximos de uma transforma\u00e7\u00e3o a n\u00edvel planet\u00e1rio, que exigir\u00e1 maior empenho de cada ser humano, pois somos uma coletividade e como tal acontecer\u00e1 a subida energ\u00e9tica, quem n\u00e3o acompanhar, ser\u00e1 levado para outro planeta, reiniciando sua evolu\u00e7\u00e3o espiritual.<\/p>\n","protected":false},"excerpt":{"rendered":"<p>13\/03\/2024 O ser humano precisa mudar. O mundo precisa mudar. Ningu\u00e9m foi criado para ser p\u00e1ria no universo. Ningu\u00e9m foi criado para, simplesmente, vegetar neste curto espa\u00e7o de tempo em que seu corpo deveria ser um bom instrumento de seu esp\u00edrito. Ao contr\u00e1rio, tornou-se um algoz para si pr\u00f3prio. Descr\u00ea de tudo e de todos. [&hellip;]<\/p>\n","protected":false},"author":1,"featured_media":0,"comment_status":"open","ping_status":"open","sticky":false,"template":"","format":"standard","meta":{"_mi_skip_tracking":false},"categories":[36],"tags":[],"_links":{"self":[{"href":"https:\/\/www.miguelfaccio.com.br\/blog\/index.php\/wp-json\/wp\/v2\/posts\/21432"}],"collection":[{"href":"https:\/\/www.miguelfaccio.com.br\/blog\/index.php\/wp-json\/wp\/v2\/posts"}],"about":[{"href":"https:\/\/www.miguelfaccio.com.br\/blog\/index.php\/wp-json\/wp\/v2\/types\/post"}],"author":[{"embeddable":true,"href":"https:\/\/www.miguelfaccio.com.br\/blog\/index.php\/wp-json\/wp\/v2\/users\/1"}],"replies":[{"embeddable":true,"href":"https:\/\/www.miguelfaccio.com.br\/blog\/index.php\/wp-json\/wp\/v2\/comments?post=21432"}],"version-history":[{"count":1,"href":"https:\/\/www.miguelfaccio.com.br\/blog\/index.php\/wp-json\/wp\/v2\/posts\/21432\/revisions"}],"predecessor-version":[{"id":21433,"href":"https:\/\/www.miguelfaccio.com.br\/blog\/index.php\/wp-json\/wp\/v2\/posts\/21432\/revisions\/21433"}],"wp:attachment":[{"href":"https:\/\/www.miguelfaccio.com.br\/blog\/index.php\/wp-json\/wp\/v2\/media?parent=21432"}],"wp:term":[{"taxonomy":"category","embeddable":true,"href":"https:\/\/www.miguelfaccio.com.br\/blog\/index.php\/wp-json\/wp\/v2\/categories?post=21432"},{"taxonomy":"post_tag","embeddable":true,"href":"https:\/\/www.miguelfaccio.com.br\/blog\/index.php\/wp-json\/wp\/v2\/tags?post=21432"}],"curies":[{"name":"wp","href":"https:\/\/api.w.org\/{rel}","templated":true}]}}