{"id":20912,"date":"2026-05-03T09:54:42","date_gmt":"2026-05-03T12:54:42","guid":{"rendered":"https:\/\/www.miguelfaccio.com.br\/blog\/?p=20912"},"modified":"2026-05-03T09:54:44","modified_gmt":"2026-05-03T12:54:44","slug":"rcd4393-raios-ou-chamas","status":"publish","type":"post","link":"https:\/\/www.miguelfaccio.com.br\/blog\/index.php\/rcd4393-raios-ou-chamas\/","title":{"rendered":"RCD4393 Raios ou Chamas"},"content":{"rendered":"\n<p class=\"has-text-align-right\"><strong>Mensagem de M\u00e3e Maria <br>Atrav\u00e9s de Jane Ribeiro<\/strong><\/p>\n\n\n\n<p>V\u00d3S TENDES O PODER DE MUDAR O MUNDO<\/p>\n\n\n\n<p>continua\u00e7\u00e3o<\/p>\n\n\n\n<p>Vossa M\u00e3e Terra n\u00e3o suporta mais tanto descaso.<\/p>\n\n\n\n<p>Seus recursos naturais se perdem no desperd\u00edcio, na devasta\u00e7\u00e3o de suas matas, na polui\u00e7\u00e3o de suas \u00e1guas e do ar cada vez mais irrespir\u00e1vel.<\/p>\n\n\n\n<p>Olhai, pois, para vosso planeta, esse corpo vivo que reflete todos os vossos pensamentos e inten\u00e7\u00f5es.<\/p>\n\n\n\n<p>Urge mudar, amados, urge aceitar e implantar as transforma\u00e7\u00f5es que levem a harmonia e a conc\u00f3rdia de todos os povos e na\u00e7\u00f5es, para que essas mudan\u00e7as n\u00e3o aconte\u00e7am de forma devastadora.<\/p>\n\n\n\n<p>Urge assumir a responsabilidade de implementar as transforma\u00e7\u00f5es em v\u00f3s, aceitando o mergulho no sil\u00eancio que revela a sabedoria, e exp\u00f5e todas as vossas feridas que precisam serem cuidadas, para que a cura se fa\u00e7a presente e possais verdadeiramente mudar.<\/p>\n\n\n\n<p>Vossas mudan\u00e7as s\u00e3o as respons\u00e1veis pela mudan\u00e7a do mundo, e sabeis j\u00e1 que o mundo n\u00e3o pode continuar a refletir o caos das mentes e cora\u00e7\u00f5es de toda a humanidade.<\/p>\n\n\n\n<p>O mundo precisa voltar a refletir a paz no cora\u00e7\u00e3o e na mente do ser humano, o mundo precisa espelhar a unidade que reagrupa povos, na\u00e7\u00f5es, irm\u00e3os em uma mesma sintonia, a sintonia onde o sentimento que a todos norteia \u00e9 o amor.<\/p>\n\n\n\n<p>Amor pela vida, por vosso planeta e por todos os seres que nele habitam.<\/p>\n\n\n\n<p>Muita luz se aproxima de todos v\u00f3s nos pr\u00f3ximos dias de vosso calend\u00e1rio; luz que ir\u00e1 revelar uma nova consci\u00eancia planet\u00e1ria, luz que permitir\u00e1 a unifica\u00e7\u00e3o de presente, passado, futuro, luz que vos far\u00e1 reconhecer o momento presente como a \u00fanica verdade palp\u00e1vel.<\/p>\n\n\n\n<p>Luz que ir\u00e1 separar, definitivamente, o joio do trigo permitindo o renascer de uma nova humanidade, humanidade que ser\u00e1 integrada por aqueles que aceitam sua responsabilidade e buscam concretizar suas mudan\u00e7as internas e externas como forma de reunificar todas as express\u00f5es de vida habitantes de vossa M\u00e3e Terra.<\/p>\n\n\n\n<p>Preparai-vos, pois, para vivenciar esse momentum, amados!<\/p>\n\n\n\n<p>Mergulhai para dentro de vosso ser e buscai o estado de reflex\u00e3o onde toda a verdade da cria\u00e7\u00e3o se torna cristalina em v\u00f3s.<\/p>\n\n\n\n<p>continua<\/p>\n","protected":false},"excerpt":{"rendered":"<p>Mensagem de M\u00e3e Maria Atrav\u00e9s de Jane Ribeiro V\u00d3S TENDES O PODER DE MUDAR O MUNDO continua\u00e7\u00e3o Vossa M\u00e3e Terra n\u00e3o suporta mais tanto descaso. Seus recursos naturais se perdem no desperd\u00edcio, na devasta\u00e7\u00e3o de suas matas, na polui\u00e7\u00e3o de suas \u00e1guas e do ar cada vez mais irrespir\u00e1vel. Olhai, pois, para vosso planeta, esse [&hellip;]<\/p>\n","protected":false},"author":1,"featured_media":0,"comment_status":"open","ping_status":"open","sticky":false,"template":"","format":"standard","meta":{"_mi_skip_tracking":false},"categories":[3],"tags":[],"_links":{"self":[{"href":"https:\/\/www.miguelfaccio.com.br\/blog\/index.php\/wp-json\/wp\/v2\/posts\/20912"}],"collection":[{"href":"https:\/\/www.miguelfaccio.com.br\/blog\/index.php\/wp-json\/wp\/v2\/posts"}],"about":[{"href":"https:\/\/www.miguelfaccio.com.br\/blog\/index.php\/wp-json\/wp\/v2\/types\/post"}],"author":[{"embeddable":true,"href":"https:\/\/www.miguelfaccio.com.br\/blog\/index.php\/wp-json\/wp\/v2\/users\/1"}],"replies":[{"embeddable":true,"href":"https:\/\/www.miguelfaccio.com.br\/blog\/index.php\/wp-json\/wp\/v2\/comments?post=20912"}],"version-history":[{"count":1,"href":"https:\/\/www.miguelfaccio.com.br\/blog\/index.php\/wp-json\/wp\/v2\/posts\/20912\/revisions"}],"predecessor-version":[{"id":20913,"href":"https:\/\/www.miguelfaccio.com.br\/blog\/index.php\/wp-json\/wp\/v2\/posts\/20912\/revisions\/20913"}],"wp:attachment":[{"href":"https:\/\/www.miguelfaccio.com.br\/blog\/index.php\/wp-json\/wp\/v2\/media?parent=20912"}],"wp:term":[{"taxonomy":"category","embeddable":true,"href":"https:\/\/www.miguelfaccio.com.br\/blog\/index.php\/wp-json\/wp\/v2\/categories?post=20912"},{"taxonomy":"post_tag","embeddable":true,"href":"https:\/\/www.miguelfaccio.com.br\/blog\/index.php\/wp-json\/wp\/v2\/tags?post=20912"}],"curies":[{"name":"wp","href":"https:\/\/api.w.org\/{rel}","templated":true}]}}