{"id":20910,"date":"2026-05-03T09:53:20","date_gmt":"2026-05-03T12:53:20","guid":{"rendered":"https:\/\/www.miguelfaccio.com.br\/blog\/?p=20910"},"modified":"2026-05-03T09:53:22","modified_gmt":"2026-05-03T12:53:22","slug":"plv4565-livro-29-diario-14-11-2023","status":"publish","type":"post","link":"https:\/\/www.miguelfaccio.com.br\/blog\/index.php\/plv4565-livro-29-diario-14-11-2023\/","title":{"rendered":"PLV4565 \u2013 Livro 29 \u2013 DI\u00c1RIO, 14\/11\/2023"},"content":{"rendered":"\n<p class=\"has-text-align-right\"><strong>14\/11\/2013<\/strong><\/p>\n\n\n\n<p>Os sinais de uma grande transforma\u00e7\u00e3o j\u00e1 se encontram presentes, mas o ser humano bitolado na mat\u00e9ria n\u00e3o se preocupa com as situa\u00e7\u00f5es clim\u00e1ticas que surgem dando o aviso de que est\u00e1 na hora de parar. Est\u00e1 na hora de buscar as coisas que alimentam a desestrutura do tempo que causam tantos preju\u00edzos a todos os povos e, de modo geral no planeta. Esses sinais v\u00e3o crescendo em intensidade e em quantidade de modo especial o calor que vai dissolver as \u00e1guas, secando os rios, terminando com as geleiras e iniciar\u00e1 uma era de fome. N\u00e3o haver\u00e1 produ\u00e7\u00e3o de alimentos suficiente. O pouco que se poder\u00e1 plantar n\u00e3o crescer\u00e1 por falta de chuvas e secar\u00e1 pelo excesso de calor. Essa \u00e9 apenas uma parte dos problemas que surgir\u00e3o. Ha os problemas provenientes do pr\u00f3prio planeta, como seja: terremotos, maremotos, vulc\u00f5es ou outra forma de atividade s\u00edsmica que poder\u00e3o fazer a terra tremer embaixo de nossos p\u00e9s. O ser humano n\u00e3o se d\u00e1 contas que ele \u00e9 o causador principal da fal\u00eancia do planeta como das melhores condi\u00e7\u00f5es de vida, o melhor clima. Neste planeta destinado para ser o Planeta da Liberdade. Cem anos foi o suficiente para essa ra\u00e7a desprovida de consci\u00eancia coletiva, consci\u00eancia de unidade com a natureza, um ser incapaz de preservar sua casa, o local onde mora. Do que lhe adianta um lindo palacete no deserto? \u00c9 isso que est\u00e1 transformando o local onde vive. \u00c9 ele que est\u00e1 destruindo o planeta com seus pensamentos, suas palavras e suas obras.<\/p>\n","protected":false},"excerpt":{"rendered":"<p>14\/11\/2013 Os sinais de uma grande transforma\u00e7\u00e3o j\u00e1 se encontram presentes, mas o ser humano bitolado na mat\u00e9ria n\u00e3o se preocupa com as situa\u00e7\u00f5es clim\u00e1ticas que surgem dando o aviso de que est\u00e1 na hora de parar. Est\u00e1 na hora de buscar as coisas que alimentam a desestrutura do tempo que causam tantos preju\u00edzos a [&hellip;]<\/p>\n","protected":false},"author":1,"featured_media":0,"comment_status":"open","ping_status":"open","sticky":false,"template":"","format":"standard","meta":{"_mi_skip_tracking":false},"categories":[35],"tags":[],"_links":{"self":[{"href":"https:\/\/www.miguelfaccio.com.br\/blog\/index.php\/wp-json\/wp\/v2\/posts\/20910"}],"collection":[{"href":"https:\/\/www.miguelfaccio.com.br\/blog\/index.php\/wp-json\/wp\/v2\/posts"}],"about":[{"href":"https:\/\/www.miguelfaccio.com.br\/blog\/index.php\/wp-json\/wp\/v2\/types\/post"}],"author":[{"embeddable":true,"href":"https:\/\/www.miguelfaccio.com.br\/blog\/index.php\/wp-json\/wp\/v2\/users\/1"}],"replies":[{"embeddable":true,"href":"https:\/\/www.miguelfaccio.com.br\/blog\/index.php\/wp-json\/wp\/v2\/comments?post=20910"}],"version-history":[{"count":1,"href":"https:\/\/www.miguelfaccio.com.br\/blog\/index.php\/wp-json\/wp\/v2\/posts\/20910\/revisions"}],"predecessor-version":[{"id":20911,"href":"https:\/\/www.miguelfaccio.com.br\/blog\/index.php\/wp-json\/wp\/v2\/posts\/20910\/revisions\/20911"}],"wp:attachment":[{"href":"https:\/\/www.miguelfaccio.com.br\/blog\/index.php\/wp-json\/wp\/v2\/media?parent=20910"}],"wp:term":[{"taxonomy":"category","embeddable":true,"href":"https:\/\/www.miguelfaccio.com.br\/blog\/index.php\/wp-json\/wp\/v2\/categories?post=20910"},{"taxonomy":"post_tag","embeddable":true,"href":"https:\/\/www.miguelfaccio.com.br\/blog\/index.php\/wp-json\/wp\/v2\/tags?post=20910"}],"curies":[{"name":"wp","href":"https:\/\/api.w.org\/{rel}","templated":true}]}}