{"id":20902,"date":"2026-05-01T09:15:16","date_gmt":"2026-05-01T12:15:16","guid":{"rendered":"https:\/\/www.miguelfaccio.com.br\/blog\/?p=20902"},"modified":"2026-05-01T09:15:18","modified_gmt":"2026-05-01T12:15:18","slug":"plv4563-livro-29-diario-12-11-2023","status":"publish","type":"post","link":"https:\/\/www.miguelfaccio.com.br\/blog\/index.php\/plv4563-livro-29-diario-12-11-2023\/","title":{"rendered":"PLV4563 \u2013 Livro 29 \u2013 DI\u00c1RIO, 12\/11\/2023"},"content":{"rendered":"\n<p class=\"has-text-align-right\"><strong>12\/11\/2023<\/strong><\/p>\n\n\n\n<p>Precisamos reorganizar nossa vida para que se possa separar as atividades que n\u00e3o rendem nada para a vida na mat\u00e9ria e, muito menos para a vida eterna. Geralmente nos apegamos a picuinhas que n\u00e3o rendem para a mat\u00e9ria e nem para o esp\u00edrito. Esses pensamentos, essas palavras e esses atos ins\u00f3litos precisam ser substitu\u00eddos por pensamentos, por palavras e por atos que beneficiam o corpo e o esp\u00edrito. O corpo e o esp\u00edrito s\u00e3o duas partes distintas de um mesmo ser, com a diferen\u00e7a que com a morte o corpo se decomp\u00f5e em suas unidades at\u00f4micas e o esp\u00edrito volta ao mundo espiritual para a vida ap\u00f3s a vida. No intuito de angariar mais conhecimentos para serem experienciados em outro corpo, porque \u00e9 dessa forma que o esp\u00edrito consegue evoluir. Mais adiante ele forma um outro corpo onde por\u00e1 \u00e0 prova esses conhecimentos que v\u00e3o formando os degraus da sua escada evolutiva. Dessa forma, com o tempo, consegue desenvolvimento suficiente para ascensionar. Saindo assim desta roda de encarna\u00e7\u00f5es, at\u00e9 infrut\u00edferas, que pouco lhe rendia um instrumento rebelde a auxilia-lo nesta dif\u00edcil tarefa de experienciar um novo conhecimento com um instrumento que n\u00e3o lhe dava bolas e at\u00e9 descria da sua exist\u00eancia, julgando-se o dono do peda\u00e7o. Sequer lhe dava um minuto de seu dia, saindo de seu ego-pensamento, elevando-o um pouco acima de seu umbigo, falando com a lua, balbuciando para as estrelas e assim liberar um pouquinho para o seu esp\u00edrito.<\/p>\n","protected":false},"excerpt":{"rendered":"<p>12\/11\/2023 Precisamos reorganizar nossa vida para que se possa separar as atividades que n\u00e3o rendem nada para a vida na mat\u00e9ria e, muito menos para a vida eterna. Geralmente nos apegamos a picuinhas que n\u00e3o rendem para a mat\u00e9ria e nem para o esp\u00edrito. Esses pensamentos, essas palavras e esses atos ins\u00f3litos precisam ser substitu\u00eddos [&hellip;]<\/p>\n","protected":false},"author":1,"featured_media":0,"comment_status":"open","ping_status":"open","sticky":false,"template":"","format":"standard","meta":{"_mi_skip_tracking":false},"categories":[35],"tags":[],"_links":{"self":[{"href":"https:\/\/www.miguelfaccio.com.br\/blog\/index.php\/wp-json\/wp\/v2\/posts\/20902"}],"collection":[{"href":"https:\/\/www.miguelfaccio.com.br\/blog\/index.php\/wp-json\/wp\/v2\/posts"}],"about":[{"href":"https:\/\/www.miguelfaccio.com.br\/blog\/index.php\/wp-json\/wp\/v2\/types\/post"}],"author":[{"embeddable":true,"href":"https:\/\/www.miguelfaccio.com.br\/blog\/index.php\/wp-json\/wp\/v2\/users\/1"}],"replies":[{"embeddable":true,"href":"https:\/\/www.miguelfaccio.com.br\/blog\/index.php\/wp-json\/wp\/v2\/comments?post=20902"}],"version-history":[{"count":1,"href":"https:\/\/www.miguelfaccio.com.br\/blog\/index.php\/wp-json\/wp\/v2\/posts\/20902\/revisions"}],"predecessor-version":[{"id":20903,"href":"https:\/\/www.miguelfaccio.com.br\/blog\/index.php\/wp-json\/wp\/v2\/posts\/20902\/revisions\/20903"}],"wp:attachment":[{"href":"https:\/\/www.miguelfaccio.com.br\/blog\/index.php\/wp-json\/wp\/v2\/media?parent=20902"}],"wp:term":[{"taxonomy":"category","embeddable":true,"href":"https:\/\/www.miguelfaccio.com.br\/blog\/index.php\/wp-json\/wp\/v2\/categories?post=20902"},{"taxonomy":"post_tag","embeddable":true,"href":"https:\/\/www.miguelfaccio.com.br\/blog\/index.php\/wp-json\/wp\/v2\/tags?post=20902"}],"curies":[{"name":"wp","href":"https:\/\/api.w.org\/{rel}","templated":true}]}}