{"id":20899,"date":"2026-04-30T08:39:45","date_gmt":"2026-04-30T11:39:45","guid":{"rendered":"https:\/\/www.miguelfaccio.com.br\/blog\/?p=20899"},"modified":"2026-04-30T08:39:47","modified_gmt":"2026-04-30T11:39:47","slug":"rcd4390-raios-ou-chamas","status":"publish","type":"post","link":"https:\/\/www.miguelfaccio.com.br\/blog\/index.php\/rcd4390-raios-ou-chamas\/","title":{"rendered":"RCD4390 Raios ou Chamas"},"content":{"rendered":"\n<p class=\"has-text-align-right\"><strong>Saint Germain <br>Atrav\u00e9s de Daniel Scranton<\/strong><\/p>\n\n\n\n<p>O MOMENTO ATUAL<\/p>\n\n\n\n<p>28 de abril de 2026<\/p>\n\n\n\n<p>*Acontecimentos Nacionais e Mundiais Atuais e os Guias Despertos*<\/p>\n\n\n\n<p>Eu Sou Saint Germain, Guardi\u00e3o da Chama Violeta.<\/p>\n\n\n\n<p>Voc\u00eas est\u00e3o lidando com energias muito intensas na Terra neste momento. Est\u00e3o vendo not\u00edcias impactantes em seus celulares e na internet. Elas surgem todos os dias. Algo mais est\u00e1 acontecendo, abalando o mundo de algu\u00e9m, e voc\u00eas que est\u00e3o despertos s\u00e3o chamados a manter o equil\u00edbrio, a calma e a paz interior.<\/p>\n\n\n\n<p>Voc\u00eas est\u00e3o sendo convidados a serem observadores, em vez de reativos, para que possam perceber onde o amor \u00e9 mais necess\u00e1rio, onde h\u00e1 maior cura, onde h\u00e1 maior potencial criativo para a energia vital, e assim, possam oferec\u00ea-la \u00e0queles que precisam.<\/p>\n\n\n\n<p>Muitos de voc\u00eas est\u00e3o percebendo como podem assumir os pap\u00e9is que buscaram ao longo de toda a vida. Est\u00e3o vendo como a sua voz pode ser usada, como os seus pensamentos importam, como as suas ora\u00e7\u00f5es s\u00e3o eficazes e como enviar amor \u00e9 um ato de servi\u00e7o em si mesmo.<\/p>\n\n\n\n<p>Voc\u00eas est\u00e3o se manifestando como os seres divinos de luz e amor que s\u00e3o, porque est\u00e3o vivendo em uma \u00e9poca que exige ainda mais maestria.<\/p>\n\n\n\n<p>Aqueles que desejaram ser mestres nesta vida est\u00e3o recebendo uma oportunidade, n\u00e3o apenas atrav\u00e9s das prova\u00e7\u00f5es e tribula\u00e7\u00f5es do seu dia a dia, mas tamb\u00e9m no que diz respeito ao panorama geral dos eventos mundiais, nacionais e aqueles que t\u00eam enormes ramifica\u00e7\u00f5es em diversos pa\u00edses.<\/p>\n\n\n\n<p>Voc\u00eas s\u00e3o aqueles que conseguem manter a serenidade porque sabem que tudo est\u00e1 prestes a mudar na Terra, e mudar para melhor. E sabem que podem respirar fundo algumas vezes, se centrar e ir a um lugar interior onde encontrar\u00e3o as respostas, as solu\u00e7\u00f5es, onde poder\u00e3o acolher as energias que ajudar\u00e3o a humanidade como um todo.<\/p>\n\n\n\n<p>Voc\u00eas come\u00e7am a perceber o seu papel como pacificadores, como guias, que n\u00e3o veem necessidade de recorrer a extremos para gerar grandes mudan\u00e7as no planeta Terra.<\/p>\n\n\n\n<p>continua<\/p>\n","protected":false},"excerpt":{"rendered":"<p>Saint Germain Atrav\u00e9s de Daniel Scranton O MOMENTO ATUAL 28 de abril de 2026 *Acontecimentos Nacionais e Mundiais Atuais e os Guias Despertos* Eu Sou Saint Germain, Guardi\u00e3o da Chama Violeta. Voc\u00eas est\u00e3o lidando com energias muito intensas na Terra neste momento. Est\u00e3o vendo not\u00edcias impactantes em seus celulares e na internet. Elas surgem todos [&hellip;]<\/p>\n","protected":false},"author":1,"featured_media":0,"comment_status":"open","ping_status":"open","sticky":false,"template":"","format":"standard","meta":{"_mi_skip_tracking":false},"categories":[3],"tags":[],"_links":{"self":[{"href":"https:\/\/www.miguelfaccio.com.br\/blog\/index.php\/wp-json\/wp\/v2\/posts\/20899"}],"collection":[{"href":"https:\/\/www.miguelfaccio.com.br\/blog\/index.php\/wp-json\/wp\/v2\/posts"}],"about":[{"href":"https:\/\/www.miguelfaccio.com.br\/blog\/index.php\/wp-json\/wp\/v2\/types\/post"}],"author":[{"embeddable":true,"href":"https:\/\/www.miguelfaccio.com.br\/blog\/index.php\/wp-json\/wp\/v2\/users\/1"}],"replies":[{"embeddable":true,"href":"https:\/\/www.miguelfaccio.com.br\/blog\/index.php\/wp-json\/wp\/v2\/comments?post=20899"}],"version-history":[{"count":1,"href":"https:\/\/www.miguelfaccio.com.br\/blog\/index.php\/wp-json\/wp\/v2\/posts\/20899\/revisions"}],"predecessor-version":[{"id":20900,"href":"https:\/\/www.miguelfaccio.com.br\/blog\/index.php\/wp-json\/wp\/v2\/posts\/20899\/revisions\/20900"}],"wp:attachment":[{"href":"https:\/\/www.miguelfaccio.com.br\/blog\/index.php\/wp-json\/wp\/v2\/media?parent=20899"}],"wp:term":[{"taxonomy":"category","embeddable":true,"href":"https:\/\/www.miguelfaccio.com.br\/blog\/index.php\/wp-json\/wp\/v2\/categories?post=20899"},{"taxonomy":"post_tag","embeddable":true,"href":"https:\/\/www.miguelfaccio.com.br\/blog\/index.php\/wp-json\/wp\/v2\/tags?post=20899"}],"curies":[{"name":"wp","href":"https:\/\/api.w.org\/{rel}","templated":true}]}}