{"id":20897,"date":"2026-04-30T08:37:58","date_gmt":"2026-04-30T11:37:58","guid":{"rendered":"https:\/\/www.miguelfaccio.com.br\/blog\/?p=20897"},"modified":"2026-04-30T08:38:00","modified_gmt":"2026-04-30T11:38:00","slug":"plv4562-livro-29-diario-11-11-2023","status":"publish","type":"post","link":"https:\/\/www.miguelfaccio.com.br\/blog\/index.php\/plv4562-livro-29-diario-11-11-2023\/","title":{"rendered":"PLV4562 \u2013 Livro 29 \u2013 DI\u00c1RIO, 11\/11\/2023"},"content":{"rendered":"\n<p class=\"has-text-align-right\"><strong>11\/11\/2023<\/strong><\/p>\n\n\n\n<p>Desde o in\u00edcio dos tempos Deus vem criando. Suas criaturas v\u00e3o ascensionando tamb\u00e9m, outras v\u00e3o iniciando sua caminhada evolutiva. Tudo, como ocorrer do tempo, depois de ter conclu\u00eddo sua caminhada e ascensionar, volta ao seio do Pai. Isso n\u00e3o quer dizer que deixa de ser uma individualidade, mas uma individualidade que j\u00e1 est\u00e1 em pensamento, em palavras e em obras com o criador. J\u00e1 \u00e9 um com Deus. Se torna o zelador das coisas do Pai. Seus irm\u00e3os menores, aqueles que rec\u00e9m est\u00e3o iniciando o caminho, aqueles que est\u00e3o passando pela cria\u00e7\u00e3o e resgate. Aqueles que t\u00eam de resgatar suas cria\u00e7\u00f5es desordenadas, as energias negativas que acumularam sobre as costas de seu pr\u00f3prio esp\u00edrito. Ningu\u00e9m paga o que n\u00e3o deve. Ningu\u00e9m resgata o que n\u00e3o criou. Assim, experimentando suas pr\u00f3prias cria\u00e7\u00f5es, percebe que est\u00e1 resgatando aquilo que criou. Quando disso se conscientiza come\u00e7a a mudar sua vida. Direciona-se para aquilo que o eleva e baseia todo o seu agir, falar e pensar na s\u00edntese do universo que \u00e9 o amor. O amor de Deus. O amor a seus irm\u00e3os. O amor \u00e0 natureza e ao universo. Convence-se que \u00e9 a s\u00edntese do amor de Deus, que para expressar esse amor criou tudo o que existe. Deus continua criando e aumentando seu rebanho tanto na mat\u00e9ria como no c\u00e9u. Suas criaturas s\u00e3o ligadas pelo mesmo elo que as criou, o amor.<\/p>\n","protected":false},"excerpt":{"rendered":"<p>11\/11\/2023 Desde o in\u00edcio dos tempos Deus vem criando. Suas criaturas v\u00e3o ascensionando tamb\u00e9m, outras v\u00e3o iniciando sua caminhada evolutiva. Tudo, como ocorrer do tempo, depois de ter conclu\u00eddo sua caminhada e ascensionar, volta ao seio do Pai. Isso n\u00e3o quer dizer que deixa de ser uma individualidade, mas uma individualidade que j\u00e1 est\u00e1 em [&hellip;]<\/p>\n","protected":false},"author":1,"featured_media":0,"comment_status":"open","ping_status":"open","sticky":false,"template":"","format":"standard","meta":{"_mi_skip_tracking":false},"categories":[35],"tags":[],"_links":{"self":[{"href":"https:\/\/www.miguelfaccio.com.br\/blog\/index.php\/wp-json\/wp\/v2\/posts\/20897"}],"collection":[{"href":"https:\/\/www.miguelfaccio.com.br\/blog\/index.php\/wp-json\/wp\/v2\/posts"}],"about":[{"href":"https:\/\/www.miguelfaccio.com.br\/blog\/index.php\/wp-json\/wp\/v2\/types\/post"}],"author":[{"embeddable":true,"href":"https:\/\/www.miguelfaccio.com.br\/blog\/index.php\/wp-json\/wp\/v2\/users\/1"}],"replies":[{"embeddable":true,"href":"https:\/\/www.miguelfaccio.com.br\/blog\/index.php\/wp-json\/wp\/v2\/comments?post=20897"}],"version-history":[{"count":1,"href":"https:\/\/www.miguelfaccio.com.br\/blog\/index.php\/wp-json\/wp\/v2\/posts\/20897\/revisions"}],"predecessor-version":[{"id":20898,"href":"https:\/\/www.miguelfaccio.com.br\/blog\/index.php\/wp-json\/wp\/v2\/posts\/20897\/revisions\/20898"}],"wp:attachment":[{"href":"https:\/\/www.miguelfaccio.com.br\/blog\/index.php\/wp-json\/wp\/v2\/media?parent=20897"}],"wp:term":[{"taxonomy":"category","embeddable":true,"href":"https:\/\/www.miguelfaccio.com.br\/blog\/index.php\/wp-json\/wp\/v2\/categories?post=20897"},{"taxonomy":"post_tag","embeddable":true,"href":"https:\/\/www.miguelfaccio.com.br\/blog\/index.php\/wp-json\/wp\/v2\/tags?post=20897"}],"curies":[{"name":"wp","href":"https:\/\/api.w.org\/{rel}","templated":true}]}}