{"id":20893,"date":"2026-04-29T08:38:31","date_gmt":"2026-04-29T11:38:31","guid":{"rendered":"https:\/\/www.miguelfaccio.com.br\/blog\/?p=20893"},"modified":"2026-04-29T08:38:33","modified_gmt":"2026-04-29T11:38:33","slug":"plv4561-livro-29-diario-10-11-2023","status":"publish","type":"post","link":"https:\/\/www.miguelfaccio.com.br\/blog\/index.php\/plv4561-livro-29-diario-10-11-2023\/","title":{"rendered":"PLV4561 \u2013 Livro 29 \u2013 DI\u00c1RIO, 10\/11\/2023"},"content":{"rendered":"\n<p class=\"has-text-align-right\"><strong>10\/11\/2023<\/strong><\/p>\n\n\n\n<p>O ser humano precisa abrir sua mente, seu consciente exterior, at\u00e9 mesmo sua vontade e desejo para poder entender-se como um ser formado por dois princ\u00edpios, o material e o espiritual. Como o princ\u00edpio espiritual n\u00e3o \u00e9 percebido por seu consciente que s\u00f3 tem em seus registros aquilo que passou pelos seus sentidos obtusos, s\u00f3 d\u00e1 aten\u00e7\u00e3o aos princ\u00edpios materiais. Os princ\u00edpios, os conhecimentos, as experi\u00eancias materiais, iniciam com o nascimento do corpo e terminam quando este morre. No entanto para a grande maioria \u00e9 s\u00f3 o que existe para si. Por isso, tamb\u00e9m, muitos humanos s\u00f3 pensam em usufruir, tirar vantagem, gozar tudo e mais um pouco, porque com a morte tudo se termina. N\u00e3o cogitam a possibilidade deste dia chegar. Acham que v\u00e3o ludibriar at\u00e9 este momento fat\u00eddico. Viveram em v\u00e3o, pois nada fizeram conscientemente para ser lembrado pela eternidade. O in\u00edcio da grande transforma\u00e7\u00e3o da Terra \u00e9 que seus habitantes em sua totalidade, comece percebendo e depois vivendo a dualidade na certeza de que seus pensamentos, suas palavras e suas obras sirvam para evoluir seu esp\u00edrito, a outra parte de sua dualidade. Assim agindo, ir\u00e1 transformar suas cria\u00e7\u00f5es para auxiliar o outro EU que est\u00e1 escondido dentro de si e \u00e9 quem de voc\u00ea permanecer\u00e1 para a eternidade.<\/p>\n","protected":false},"excerpt":{"rendered":"<p>10\/11\/2023 O ser humano precisa abrir sua mente, seu consciente exterior, at\u00e9 mesmo sua vontade e desejo para poder entender-se como um ser formado por dois princ\u00edpios, o material e o espiritual. Como o princ\u00edpio espiritual n\u00e3o \u00e9 percebido por seu consciente que s\u00f3 tem em seus registros aquilo que passou pelos seus sentidos obtusos, [&hellip;]<\/p>\n","protected":false},"author":1,"featured_media":0,"comment_status":"open","ping_status":"open","sticky":false,"template":"","format":"standard","meta":{"_mi_skip_tracking":false},"categories":[35],"tags":[],"_links":{"self":[{"href":"https:\/\/www.miguelfaccio.com.br\/blog\/index.php\/wp-json\/wp\/v2\/posts\/20893"}],"collection":[{"href":"https:\/\/www.miguelfaccio.com.br\/blog\/index.php\/wp-json\/wp\/v2\/posts"}],"about":[{"href":"https:\/\/www.miguelfaccio.com.br\/blog\/index.php\/wp-json\/wp\/v2\/types\/post"}],"author":[{"embeddable":true,"href":"https:\/\/www.miguelfaccio.com.br\/blog\/index.php\/wp-json\/wp\/v2\/users\/1"}],"replies":[{"embeddable":true,"href":"https:\/\/www.miguelfaccio.com.br\/blog\/index.php\/wp-json\/wp\/v2\/comments?post=20893"}],"version-history":[{"count":1,"href":"https:\/\/www.miguelfaccio.com.br\/blog\/index.php\/wp-json\/wp\/v2\/posts\/20893\/revisions"}],"predecessor-version":[{"id":20894,"href":"https:\/\/www.miguelfaccio.com.br\/blog\/index.php\/wp-json\/wp\/v2\/posts\/20893\/revisions\/20894"}],"wp:attachment":[{"href":"https:\/\/www.miguelfaccio.com.br\/blog\/index.php\/wp-json\/wp\/v2\/media?parent=20893"}],"wp:term":[{"taxonomy":"category","embeddable":true,"href":"https:\/\/www.miguelfaccio.com.br\/blog\/index.php\/wp-json\/wp\/v2\/categories?post=20893"},{"taxonomy":"post_tag","embeddable":true,"href":"https:\/\/www.miguelfaccio.com.br\/blog\/index.php\/wp-json\/wp\/v2\/tags?post=20893"}],"curies":[{"name":"wp","href":"https:\/\/api.w.org\/{rel}","templated":true}]}}