{"id":20885,"date":"2026-04-27T09:36:30","date_gmt":"2026-04-27T12:36:30","guid":{"rendered":"https:\/\/www.miguelfaccio.com.br\/blog\/?p=20885"},"modified":"2026-04-27T09:36:32","modified_gmt":"2026-04-27T12:36:32","slug":"plv4559-livro-29-diario-08-11-2023","status":"publish","type":"post","link":"https:\/\/www.miguelfaccio.com.br\/blog\/index.php\/plv4559-livro-29-diario-08-11-2023\/","title":{"rendered":"PLV4559 \u2013 Livro 29 \u2013 DI\u00c1RIO, 08\/11\/2023"},"content":{"rendered":"\n<p class=\"has-text-align-right\"><strong>08\/11\/2023<\/strong><\/p>\n\n\n\n<p>Os dias, os meses e os anos passam, os s\u00e9culos tamb\u00e9m passam. Agora, o agora n\u00e3o passa nunca, porque vivemos e viveremos sempre no agora. Aquilo que pensamos, falamos ou agimos deslizam para o passado e em seu lugar chegam os resultados dos agora vividos e que estavam no passado. Cumprindo a Lei do Retorno, a Lei do C\u00edrculo, est\u00e3o voltando ao agora para que seja feito o devido ao resgate. Ou se agregam ao esp\u00edrito, ou ter\u00e3o que ser resgatados como carma. Em s\u00edntese, tudo o que sair do ser, volta a ele novamente. \u00c9 o que diz o Cristo: \u201c<em>A semeadura \u00e9 livre, mas a colheita \u00e9 obrigat\u00f3ria<\/em>\u201d. \u00c9 assim, nada se faz no acaso e fica perdido no acaso. Enquanto o esp\u00edrito estiver no caminho evolutivo e seu corpo n\u00e3o lhe ser um bom instrumento, continuar\u00e1 a colher o joio que criou. Est\u00e3o passando pela terceira dimens\u00e3o onde o criar e o ressarcir imperam, mas isso s\u00f3 dura at\u00e9 que consigam evoluir o suficiente para alcan\u00e7arem a mestria, tenham condi\u00e7\u00f5es de ascensionar para plano superior. A partir deste momento n\u00e3o h\u00e1 mais o resgate, porque o esp\u00edrito dominou o poder do pensamento. Seu pensamento n\u00e3o agir\u00e1 mais como um macaquinho, saltitando de galho em galho, mas sim ser\u00e1 totalmente dominado e dirigido pelo esp\u00edrito.<\/p>\n","protected":false},"excerpt":{"rendered":"<p>08\/11\/2023 Os dias, os meses e os anos passam, os s\u00e9culos tamb\u00e9m passam. Agora, o agora n\u00e3o passa nunca, porque vivemos e viveremos sempre no agora. Aquilo que pensamos, falamos ou agimos deslizam para o passado e em seu lugar chegam os resultados dos agora vividos e que estavam no passado. Cumprindo a Lei do [&hellip;]<\/p>\n","protected":false},"author":1,"featured_media":0,"comment_status":"open","ping_status":"open","sticky":false,"template":"","format":"standard","meta":{"_mi_skip_tracking":false},"categories":[35],"tags":[],"_links":{"self":[{"href":"https:\/\/www.miguelfaccio.com.br\/blog\/index.php\/wp-json\/wp\/v2\/posts\/20885"}],"collection":[{"href":"https:\/\/www.miguelfaccio.com.br\/blog\/index.php\/wp-json\/wp\/v2\/posts"}],"about":[{"href":"https:\/\/www.miguelfaccio.com.br\/blog\/index.php\/wp-json\/wp\/v2\/types\/post"}],"author":[{"embeddable":true,"href":"https:\/\/www.miguelfaccio.com.br\/blog\/index.php\/wp-json\/wp\/v2\/users\/1"}],"replies":[{"embeddable":true,"href":"https:\/\/www.miguelfaccio.com.br\/blog\/index.php\/wp-json\/wp\/v2\/comments?post=20885"}],"version-history":[{"count":1,"href":"https:\/\/www.miguelfaccio.com.br\/blog\/index.php\/wp-json\/wp\/v2\/posts\/20885\/revisions"}],"predecessor-version":[{"id":20886,"href":"https:\/\/www.miguelfaccio.com.br\/blog\/index.php\/wp-json\/wp\/v2\/posts\/20885\/revisions\/20886"}],"wp:attachment":[{"href":"https:\/\/www.miguelfaccio.com.br\/blog\/index.php\/wp-json\/wp\/v2\/media?parent=20885"}],"wp:term":[{"taxonomy":"category","embeddable":true,"href":"https:\/\/www.miguelfaccio.com.br\/blog\/index.php\/wp-json\/wp\/v2\/categories?post=20885"},{"taxonomy":"post_tag","embeddable":true,"href":"https:\/\/www.miguelfaccio.com.br\/blog\/index.php\/wp-json\/wp\/v2\/tags?post=20885"}],"curies":[{"name":"wp","href":"https:\/\/api.w.org\/{rel}","templated":true}]}}