{"id":20881,"date":"2026-04-26T08:43:22","date_gmt":"2026-04-26T11:43:22","guid":{"rendered":"https:\/\/www.miguelfaccio.com.br\/blog\/?p=20881"},"modified":"2026-04-26T08:43:23","modified_gmt":"2026-04-26T11:43:23","slug":"plv4558-livro-29-diario-07-11-2023","status":"publish","type":"post","link":"https:\/\/www.miguelfaccio.com.br\/blog\/index.php\/plv4558-livro-29-diario-07-11-2023\/","title":{"rendered":"PLV4558 \u2013 Livro 29 \u2013 DI\u00c1RIO, 07\/11\/2023"},"content":{"rendered":"\n<p class=\"has-text-align-right\"><strong>07\/11\/2023<\/strong><\/p>\n\n\n\n<p>Quando sa\u00edmos do pensamento de Deus, \u00e9ramos t\u00e3o pequenos como uma semente de Carvalho. Essa semente lan\u00e7ada na terra germinou, recebeu cuidados, iniciou sua principal atividade, crescer, crescer e crescer at\u00e9 tornar-se uma poderosa \u00e1rvore. Esse crescer correu todo tudo por sua pr\u00f3pria escolha e risco. Se ao ser lan\u00e7ada na terra se negasse a absorver a umidade, n\u00e3o teria germinado e iniciado seu crescimento, teria simplesmente apodrecido. Na realidade somente recebemos de Deus a nossa cria\u00e7\u00e3o de uma part\u00edcula de sua pr\u00f3pria energia, como o poder de tamb\u00e9m criar atrav\u00e9s do seu pr\u00f3prio pensamento. Recebemos ajuda atrav\u00e9s da intui\u00e7\u00e3o, mas n\u00e3o recebemos a coisa pronta, porque estava na tutela de cada um criar aquilo de que necessitasse, mesmo na ignor\u00e2ncia dessa realidade. Sempre tivemos ao nosso redor, irm\u00e3os maiores, mas ningu\u00e9m nos puxava, apenas diziam: levanta-te e anda. Temos de conquistar aquilo que precisamos. O universo est\u00e1 a\u00ed com tudo, como o grande dep\u00f3sito de Deus, apenas precisamos buscar e manipular para que se torne a alavanca de nosso progresso espiritual. Para poder transformar os conhecimentos do universo em evolu\u00e7\u00e3o, o esp\u00edrito precisou moldar um corpo para lhe facilitar a manipula\u00e7\u00e3o da mat\u00e9ria e assim lentamente alcan\u00e7ar a perfei\u00e7\u00e3o.<\/p>\n","protected":false},"excerpt":{"rendered":"<p>07\/11\/2023 Quando sa\u00edmos do pensamento de Deus, \u00e9ramos t\u00e3o pequenos como uma semente de Carvalho. Essa semente lan\u00e7ada na terra germinou, recebeu cuidados, iniciou sua principal atividade, crescer, crescer e crescer at\u00e9 tornar-se uma poderosa \u00e1rvore. Esse crescer correu todo tudo por sua pr\u00f3pria escolha e risco. Se ao ser lan\u00e7ada na terra se negasse [&hellip;]<\/p>\n","protected":false},"author":1,"featured_media":0,"comment_status":"open","ping_status":"open","sticky":false,"template":"","format":"standard","meta":{"_mi_skip_tracking":false},"categories":[35],"tags":[],"_links":{"self":[{"href":"https:\/\/www.miguelfaccio.com.br\/blog\/index.php\/wp-json\/wp\/v2\/posts\/20881"}],"collection":[{"href":"https:\/\/www.miguelfaccio.com.br\/blog\/index.php\/wp-json\/wp\/v2\/posts"}],"about":[{"href":"https:\/\/www.miguelfaccio.com.br\/blog\/index.php\/wp-json\/wp\/v2\/types\/post"}],"author":[{"embeddable":true,"href":"https:\/\/www.miguelfaccio.com.br\/blog\/index.php\/wp-json\/wp\/v2\/users\/1"}],"replies":[{"embeddable":true,"href":"https:\/\/www.miguelfaccio.com.br\/blog\/index.php\/wp-json\/wp\/v2\/comments?post=20881"}],"version-history":[{"count":1,"href":"https:\/\/www.miguelfaccio.com.br\/blog\/index.php\/wp-json\/wp\/v2\/posts\/20881\/revisions"}],"predecessor-version":[{"id":20882,"href":"https:\/\/www.miguelfaccio.com.br\/blog\/index.php\/wp-json\/wp\/v2\/posts\/20881\/revisions\/20882"}],"wp:attachment":[{"href":"https:\/\/www.miguelfaccio.com.br\/blog\/index.php\/wp-json\/wp\/v2\/media?parent=20881"}],"wp:term":[{"taxonomy":"category","embeddable":true,"href":"https:\/\/www.miguelfaccio.com.br\/blog\/index.php\/wp-json\/wp\/v2\/categories?post=20881"},{"taxonomy":"post_tag","embeddable":true,"href":"https:\/\/www.miguelfaccio.com.br\/blog\/index.php\/wp-json\/wp\/v2\/tags?post=20881"}],"curies":[{"name":"wp","href":"https:\/\/api.w.org\/{rel}","templated":true}]}}