{"id":20869,"date":"2026-04-23T08:45:33","date_gmt":"2026-04-23T11:45:33","guid":{"rendered":"https:\/\/www.miguelfaccio.com.br\/blog\/?p=20869"},"modified":"2026-04-23T08:45:35","modified_gmt":"2026-04-23T11:45:35","slug":"plv4555-livro-29-diario-04-11-2023","status":"publish","type":"post","link":"https:\/\/www.miguelfaccio.com.br\/blog\/index.php\/plv4555-livro-29-diario-04-11-2023\/","title":{"rendered":"PLV4555 \u2013 Livro 29 \u2013 DI\u00c1RIO, 04\/11\/2023"},"content":{"rendered":"\n<p class=\"has-text-align-right\"><strong>04\/11\/2023<\/strong><\/p>\n\n\n\n<p>Todos os dias eu me reporto ao projeto Expans\u00e3o da Luz. Este projeto foi criado para estudar as consequ\u00eancias da utiliza\u00e7\u00e3o dos Raios Divinos, concomitantemente, em um esp\u00edrito desequilibrado. A cria\u00e7\u00e3o deste projeto foi posterior a uma aplica\u00e7\u00e3o da Chama Violeta, da Chama Verde e da Chama Rosa que, durante uma sess\u00e3o de Terapia Hol\u00edstica, fizemos em um rec\u00e9m desencarnado que viera \u00e0 nossa sess\u00e3o e a terapeuta me disse: Miguel \u00e9 contigo. Eu j\u00e1 trabalhara com os Raios Divinos durante um per\u00edodo em que estive ligado com a Apometria. Os mestres conhecem os Raios Divinos, os utilizam individualmente em suas atividades no plano espiritual, mas n\u00e3o conheciam os efeitos da aplica\u00e7\u00e3o concomitante de v\u00e1rios Raios. Sobre esses resultados os mestres criaram o Projeto Expans\u00e3o da Luz. Creio que j\u00e1 conseguiram dimensionar os efeitos da aplica\u00e7\u00e3o concomitante dos Raios Divinos. Se ainda continuam a estudar esses efeitos, n\u00e3o sei, mas eu ainda continuo, especialmente quando fa\u00e7o meu di\u00e1rio, a reportar-me a esse Projeto, pois continuarei ligado a ele pelo resto de meus dias terrenos. N\u00e3o sei as liga\u00e7\u00f5es desta forma de utilizar a energia Divina diretamente no plano espiritual, agora, tive muitas boas experi\u00eancias na utiliza\u00e7\u00e3o da consci\u00eancia f\u00edsica com esp\u00edritos desequilibrados no mundo espiritual. Um dia teremos a elucida\u00e7\u00e3o de tudo o que se refere aos Raios Divinos.<\/p>\n","protected":false},"excerpt":{"rendered":"<p>04\/11\/2023 Todos os dias eu me reporto ao projeto Expans\u00e3o da Luz. Este projeto foi criado para estudar as consequ\u00eancias da utiliza\u00e7\u00e3o dos Raios Divinos, concomitantemente, em um esp\u00edrito desequilibrado. A cria\u00e7\u00e3o deste projeto foi posterior a uma aplica\u00e7\u00e3o da Chama Violeta, da Chama Verde e da Chama Rosa que, durante uma sess\u00e3o de Terapia [&hellip;]<\/p>\n","protected":false},"author":1,"featured_media":0,"comment_status":"open","ping_status":"open","sticky":false,"template":"","format":"standard","meta":{"_mi_skip_tracking":false},"categories":[35],"tags":[],"_links":{"self":[{"href":"https:\/\/www.miguelfaccio.com.br\/blog\/index.php\/wp-json\/wp\/v2\/posts\/20869"}],"collection":[{"href":"https:\/\/www.miguelfaccio.com.br\/blog\/index.php\/wp-json\/wp\/v2\/posts"}],"about":[{"href":"https:\/\/www.miguelfaccio.com.br\/blog\/index.php\/wp-json\/wp\/v2\/types\/post"}],"author":[{"embeddable":true,"href":"https:\/\/www.miguelfaccio.com.br\/blog\/index.php\/wp-json\/wp\/v2\/users\/1"}],"replies":[{"embeddable":true,"href":"https:\/\/www.miguelfaccio.com.br\/blog\/index.php\/wp-json\/wp\/v2\/comments?post=20869"}],"version-history":[{"count":1,"href":"https:\/\/www.miguelfaccio.com.br\/blog\/index.php\/wp-json\/wp\/v2\/posts\/20869\/revisions"}],"predecessor-version":[{"id":20870,"href":"https:\/\/www.miguelfaccio.com.br\/blog\/index.php\/wp-json\/wp\/v2\/posts\/20869\/revisions\/20870"}],"wp:attachment":[{"href":"https:\/\/www.miguelfaccio.com.br\/blog\/index.php\/wp-json\/wp\/v2\/media?parent=20869"}],"wp:term":[{"taxonomy":"category","embeddable":true,"href":"https:\/\/www.miguelfaccio.com.br\/blog\/index.php\/wp-json\/wp\/v2\/categories?post=20869"},{"taxonomy":"post_tag","embeddable":true,"href":"https:\/\/www.miguelfaccio.com.br\/blog\/index.php\/wp-json\/wp\/v2\/tags?post=20869"}],"curies":[{"name":"wp","href":"https:\/\/api.w.org\/{rel}","templated":true}]}}