{"id":20431,"date":"2026-01-13T09:02:42","date_gmt":"2026-01-13T12:02:42","guid":{"rendered":"https:\/\/www.miguelfaccio.com.br\/blog\/?p=20431"},"modified":"2026-01-13T09:02:44","modified_gmt":"2026-01-13T12:02:44","slug":"plv4466-livro-29-diario-04-08-2023","status":"publish","type":"post","link":"https:\/\/www.miguelfaccio.com.br\/blog\/index.php\/plv4466-livro-29-diario-04-08-2023\/","title":{"rendered":"PLV4466 \u2013 Livro 29 \u2013 Di\u00e1rio, 04\/08\/2023"},"content":{"rendered":"\n<p class=\"has-text-align-right\"><strong>04\/08\/20023<\/strong><\/p>\n\n\n\n<p>H\u00e1 um grande engano no ensino e na intelectualiza\u00e7\u00e3o do que acontece ap\u00f3s a morte do corpo. A grande maioria diz que vai para o c\u00e9u, vai estar junto com Jesus e com Deus. N\u00e3o importa o que tenha feito aqui na Terra, como viveu, n\u00e3o materialmente, mas o que fez para ser um bom instrumento de seu esp\u00edrito, que \u00e9 a ess\u00eancia do Deus Uno dentro de si. A melhor forma de entendimento do que seremos ap\u00f3s a morte do corpo, est\u00e1 nas palavras de um hindu, n\u00e3o sei seu nome, diz ele: \u201cTenho dois lobos dentro de mim, vence aquele que eu alimentar\u201d. A situa\u00e7\u00e3o \u00e9 exatamente esta. Todos t\u00eam dentro de si, o c\u00e9u e o inferno. Vence, ou ir\u00e1 para aquele que alimentar. \u00c9 preciso bem entender essa situa\u00e7\u00e3o. Fora da mat\u00e9ria, tudo \u00e9 o c\u00e9u \u00e9 o espa\u00e7o. N\u00e3o existe um local no espa\u00e7o chamado de c\u00e9u ou chamado de inferno. A \u00fanica coisa que existe \u00e9 a evolu\u00e7\u00e3o e o estado de esp\u00edrito. O estado de esp\u00edrito \u00e9 que determina a percep\u00e7\u00e3o de estar no c\u00e9u ou estar no inferno. A evolu\u00e7\u00e3o entra como um acr\u00e9scimo a esse estado de esp\u00edrito. N\u00e3o \u00e9 poss\u00edvel localizar no espa\u00e7o o c\u00e9u ou o inferno. No espa\u00e7o, isso sim, h\u00e1 milhares de mini planetas para localiza\u00e7\u00e3o de col\u00f4nias espirituais, e outras denomina\u00e7\u00f5es dependendo da especializa\u00e7\u00e3o de atendimento \u00e0 esp\u00edritos mais evolu\u00eddos. Depende do esp\u00edrito desencarnado receber logo ou n\u00e3o, o atendimento do socorrista do espa\u00e7o para lev\u00e1-lo \u00e0 uma col\u00f4nia espiritual para l\u00e1 ser tratado. Isso depende em parte, conforme as palavras de Jesus, pedi e recebereis.<\/p>\n","protected":false},"excerpt":{"rendered":"<p>04\/08\/20023 H\u00e1 um grande engano no ensino e na intelectualiza\u00e7\u00e3o do que acontece ap\u00f3s a morte do corpo. A grande maioria diz que vai para o c\u00e9u, vai estar junto com Jesus e com Deus. N\u00e3o importa o que tenha feito aqui na Terra, como viveu, n\u00e3o materialmente, mas o que fez para ser um [&hellip;]<\/p>\n","protected":false},"author":1,"featured_media":0,"comment_status":"open","ping_status":"open","sticky":false,"template":"","format":"standard","meta":{"_mi_skip_tracking":false},"categories":[35],"tags":[],"_links":{"self":[{"href":"https:\/\/www.miguelfaccio.com.br\/blog\/index.php\/wp-json\/wp\/v2\/posts\/20431"}],"collection":[{"href":"https:\/\/www.miguelfaccio.com.br\/blog\/index.php\/wp-json\/wp\/v2\/posts"}],"about":[{"href":"https:\/\/www.miguelfaccio.com.br\/blog\/index.php\/wp-json\/wp\/v2\/types\/post"}],"author":[{"embeddable":true,"href":"https:\/\/www.miguelfaccio.com.br\/blog\/index.php\/wp-json\/wp\/v2\/users\/1"}],"replies":[{"embeddable":true,"href":"https:\/\/www.miguelfaccio.com.br\/blog\/index.php\/wp-json\/wp\/v2\/comments?post=20431"}],"version-history":[{"count":1,"href":"https:\/\/www.miguelfaccio.com.br\/blog\/index.php\/wp-json\/wp\/v2\/posts\/20431\/revisions"}],"predecessor-version":[{"id":20432,"href":"https:\/\/www.miguelfaccio.com.br\/blog\/index.php\/wp-json\/wp\/v2\/posts\/20431\/revisions\/20432"}],"wp:attachment":[{"href":"https:\/\/www.miguelfaccio.com.br\/blog\/index.php\/wp-json\/wp\/v2\/media?parent=20431"}],"wp:term":[{"taxonomy":"category","embeddable":true,"href":"https:\/\/www.miguelfaccio.com.br\/blog\/index.php\/wp-json\/wp\/v2\/categories?post=20431"},{"taxonomy":"post_tag","embeddable":true,"href":"https:\/\/www.miguelfaccio.com.br\/blog\/index.php\/wp-json\/wp\/v2\/tags?post=20431"}],"curies":[{"name":"wp","href":"https:\/\/api.w.org\/{rel}","templated":true}]}}