{"id":20429,"date":"2026-01-12T08:58:07","date_gmt":"2026-01-12T11:58:07","guid":{"rendered":"https:\/\/www.miguelfaccio.com.br\/blog\/?p=20429"},"modified":"2026-01-12T08:58:10","modified_gmt":"2026-01-12T11:58:10","slug":"rcd4292-raios-ou-chamas","status":"publish","type":"post","link":"https:\/\/www.miguelfaccio.com.br\/blog\/index.php\/rcd4292-raios-ou-chamas\/","title":{"rendered":"RCD4292 Raios ou Chamas"},"content":{"rendered":"\n<p class=\"has-text-align-right\">Arcturianos <br>Atrav\u00e9s de Chellea Wilder<\/p>\n\n\n\n<p>ESTA ATIVA\u00c7\u00c3O EST\u00c1 ILUMINANDO A TERRA<\/p>\n\n\n\n<p>continua\u00e7\u00e3o<\/p>\n\n\n\n<p>Essa ativa\u00e7\u00e3o permite que seres de vibra\u00e7\u00e3o mais elevada permane\u00e7am por per\u00edodos mais longos em sua atmosfera, um feito que antes era imposs\u00edvel sem causar distor\u00e7\u00e3o energ\u00e9tica. A densidade ao redor do seu planeta est\u00e1 diminuindo, como uma n\u00e9voa se dissipando para revelar um c\u00e9u claro, e o campo harm\u00f4nico est\u00e1 se elevando a novos patamares.<\/p>\n\n\n\n<p>A Terra est\u00e1 se tornando cada vez mais compat\u00edvel com a consci\u00eancia de dimens\u00f5es superiores, abrindo caminho para um despertar coletivo que transcende as limita\u00e7\u00f5es individuais e abre as portas para uma experi\u00eancia compartilhada de unidade e amor.<\/p>\n\n\n\n<p>Entendam bem: est\u00e1 acontecendo agora. As mudan\u00e7as que est\u00e3o ocorrendo n\u00e3o s\u00e3o distantes ou abstratas; s\u00e3o imediatas e palp\u00e1veis.<\/p>\n\n\n\n<p>Muitos de voc\u00eas j\u00e1 est\u00e3o sentindo essas ondas se manifestarem como sensa\u00e7\u00f5es f\u00edsicas, libera\u00e7\u00f5es emocionais, intui\u00e7\u00e3o agu\u00e7ada, sonhos v\u00edvidos ou expans\u00f5es repentinas da consci\u00eancia que parecem abrir novas perspectivas de compreens\u00e3o.<\/p>\n\n\n\n<p>Voc\u00eas n\u00e3o est\u00e3o imaginando esse fen\u00f4meno. Seus pr\u00f3prios sistemas energ\u00e9ticos est\u00e3o intrinsecamente conectados \u00e0 grade planet\u00e1ria e, \u00e0 medida que a Terra eleva sua frequ\u00eancia e vibra\u00e7\u00e3o, voc\u00eas tamb\u00e9m elevam, alinhando-se com a grande dan\u00e7a c\u00f3smica da cria\u00e7\u00e3o.<\/p>\n\n\n\n<p>Neste momento de transforma\u00e7\u00e3o, \u00e9 essencial manter-se firme. Respire profunda e conscientemente. Ancore essas frequ\u00eancias atrav\u00e9s do seu cora\u00e7\u00e3o e na Terra, permitindo que as energias fluam atrav\u00e9s de voc\u00ea como um rio de Luz.<\/p>\n\n\n\n<p>Voc\u00eas s\u00e3o canais vivos, essenciais para auxiliar na estabiliza\u00e7\u00e3o dessas poderosas energias que agora inundam o planeta. Sua presen\u00e7a, sua consci\u00eancia e sua escolha de permanecer em sintonia com o amor e a compaix\u00e3o s\u00e3o cruciais durante esta fase de despertar e recalibra\u00e7\u00e3o.<\/p>\n\n\n\n<p>O planeta est\u00e1 se abrindo de maneiras nunca vistas em eras. Os portais est\u00e3o ativos, pulsando com potencial e possibilidades. O v\u00e9u que antes separava os mundos continua a se dissipar, permitindo maior clareza e conex\u00e3o com os planos superiores.<\/p>\n\n\n\n<p>Este \u00e9 um tempo de grande potencial, onde as fronteiras da realidade est\u00e3o se transformando e novas oportunidades de crescimento e evolu\u00e7\u00e3o se apresentam.<\/p>\n\n\n\n<p>Permane\u00e7a em serenidade e sabedoria. Permane\u00e7a em soberania. Permane\u00e7a em Luz, abra\u00e7ando a plenitude do seu ser e o prop\u00f3sito divino que voc\u00ea carrega. Confie no processo e no desenrolar desta magn\u00edfica jornada.<\/p>\n\n\n\n<p>Estamos com voc\u00eas, mais pr\u00f3ximos do que nunca, como aliados e guias neste momento extraordin\u00e1rio de transforma\u00e7\u00e3o. A humanidade est\u00e1 cocriando um novo paradigma de exist\u00eancia, enraizado no amor, na uni\u00e3o e no mais alto potencial de todos. Abrace este momento, pois ele \u00e9 uma d\u00e1diva de profundo significado.<\/p>\n\n\n\n<p>Estamos aqui com voc\u00eas, servindo a humanidade com amor e luz.<\/p>\n\n\n\n<p>~ N\u00f3s Somos Os Arcturianos<\/p>\n\n\n\n<p>Formata\u00e7\u00e3o e tradu\u00e7\u00e3o \u2013 Blog De Cora\u00e7\u00e3o a Cora\u00e7\u00e3o<\/p>\n\n\n\n<figure class=\"wp-block-embed\"><div class=\"wp-block-embed__wrapper\">\nhttp:\/\/www.decoracaoacoracao.blog.br\/\n<\/div><\/figure>\n\n\n\n<figure class=\"wp-block-embed\"><div class=\"wp-block-embed__wrapper\">\nhttp:\/\/stelalecocq.blogspot.com\n<\/div><\/figure>\n\n\n\n<figure class=\"wp-block-embed\"><div class=\"wp-block-embed__wrapper\">\nhttps:\/\/lecocq.wordpress.com\n<\/div><\/figure>\n\n\n\n<p>Instagram \u2013 @blogdecoracaoacoracao<\/p>\n\n\n\n<p>Informa\u00e7\u00f5es e Agendamentos para Mesa Qu\u00e2ntica Estelar, Mesa Pet, Mesa Qu\u00e2ntica 2.0, Florais de Bach, Sistema Regenerador Ashtariano, Sistema Arcturiano de Cura Multidimensional \u2013 lecocqmuller@gmail.com<\/p>\n\n\n\n<p>E-book \u201cMensagens dos Mestres \u2013 De Cora\u00e7\u00e3o a Cora\u00e7\u00e3o\u201d \u2013 https:\/\/mensagensdosmestres.blogspot.com\/<\/p>\n\n\n\n<figure class=\"wp-block-embed\"><div class=\"wp-block-embed__wrapper\">\nhttps:\/\/www.universallighthouse.com\/\n<\/div><\/figure>\n\n\n\n<p>Respeite todos os cr\u00e9ditos ao compartilhar<\/p>\n\n\n\n<p>LUZ!<\/p>\n\n\n\n<p>STELA<\/p>\n","protected":false},"excerpt":{"rendered":"<p>Arcturianos Atrav\u00e9s de Chellea Wilder ESTA ATIVA\u00c7\u00c3O EST\u00c1 ILUMINANDO A TERRA continua\u00e7\u00e3o Essa ativa\u00e7\u00e3o permite que seres de vibra\u00e7\u00e3o mais elevada permane\u00e7am por per\u00edodos mais longos em sua atmosfera, um feito que antes era imposs\u00edvel sem causar distor\u00e7\u00e3o energ\u00e9tica. A densidade ao redor do seu planeta est\u00e1 diminuindo, como uma n\u00e9voa se dissipando para revelar [&hellip;]<\/p>\n","protected":false},"author":1,"featured_media":0,"comment_status":"open","ping_status":"open","sticky":false,"template":"","format":"standard","meta":{"_mi_skip_tracking":false},"categories":[1],"tags":[],"_links":{"self":[{"href":"https:\/\/www.miguelfaccio.com.br\/blog\/index.php\/wp-json\/wp\/v2\/posts\/20429"}],"collection":[{"href":"https:\/\/www.miguelfaccio.com.br\/blog\/index.php\/wp-json\/wp\/v2\/posts"}],"about":[{"href":"https:\/\/www.miguelfaccio.com.br\/blog\/index.php\/wp-json\/wp\/v2\/types\/post"}],"author":[{"embeddable":true,"href":"https:\/\/www.miguelfaccio.com.br\/blog\/index.php\/wp-json\/wp\/v2\/users\/1"}],"replies":[{"embeddable":true,"href":"https:\/\/www.miguelfaccio.com.br\/blog\/index.php\/wp-json\/wp\/v2\/comments?post=20429"}],"version-history":[{"count":1,"href":"https:\/\/www.miguelfaccio.com.br\/blog\/index.php\/wp-json\/wp\/v2\/posts\/20429\/revisions"}],"predecessor-version":[{"id":20430,"href":"https:\/\/www.miguelfaccio.com.br\/blog\/index.php\/wp-json\/wp\/v2\/posts\/20429\/revisions\/20430"}],"wp:attachment":[{"href":"https:\/\/www.miguelfaccio.com.br\/blog\/index.php\/wp-json\/wp\/v2\/media?parent=20429"}],"wp:term":[{"taxonomy":"category","embeddable":true,"href":"https:\/\/www.miguelfaccio.com.br\/blog\/index.php\/wp-json\/wp\/v2\/categories?post=20429"},{"taxonomy":"post_tag","embeddable":true,"href":"https:\/\/www.miguelfaccio.com.br\/blog\/index.php\/wp-json\/wp\/v2\/tags?post=20429"}],"curies":[{"name":"wp","href":"https:\/\/api.w.org\/{rel}","templated":true}]}}