{"id":20426,"date":"2026-01-12T08:52:19","date_gmt":"2026-01-12T11:52:19","guid":{"rendered":"https:\/\/www.miguelfaccio.com.br\/blog\/?p=20426"},"modified":"2026-01-12T08:52:21","modified_gmt":"2026-01-12T11:52:21","slug":"plv4465-livro-29-diario-03-08-2023","status":"publish","type":"post","link":"https:\/\/www.miguelfaccio.com.br\/blog\/index.php\/plv4465-livro-29-diario-03-08-2023\/","title":{"rendered":"PLV4465 \u2013 Livro 29 \u2013 Di\u00e1rio, 03\/08\/2023"},"content":{"rendered":"\n<p class=\"has-text-align-right\"><strong>03\/08\/2023<\/strong><\/p>\n\n\n\n<p>Desde o seu in\u00edcio, a Terra serviu de ber\u00e7os para inumer\u00e1veis civiliza\u00e7\u00f5es com est\u00e1gios evolutivos diferentes. Eram, como ainda \u00e9, formados por projetos evolutivos com a finalidade de possibilitar a esses esp\u00edritos buscassem sua evolu\u00e7\u00e3o. Todos sabemos que a evolu\u00e7\u00e3o \u00e9 um caminho muito longo, por isso a necessidade de inumer\u00e1veis encarna\u00e7\u00f5es para aos poucos subir os degraus da escada evolutiva. O esp\u00edrito busca os conhecimentos, mas esses precisam ser experienciados, postos \u00e0 prova e, isso s\u00f3 pode ser feito num corpo f\u00edsico. \u00c9 no corpo f\u00edsico que se extravasa a condi\u00e7\u00e3o evolutiva do esp\u00edrito. \u00c9 tamb\u00e9m num corpo f\u00edsico que o esp\u00edrito consegue libertar-se das energias negativas oriundas dos corpos anteriores que usou, causando-lhe carmas que precisar\u00e1 resgatar. O corpo \u00e9 a materializa\u00e7\u00e3o da necessidade evolutiva do esp\u00edrito. Como o consciente dos seres humanos n\u00e3o s\u00e3o preparados para exercerem exatamente as necessidades de seu esp\u00edrito, extrapolam e buscam somente a necessidade material, esquecendo que \u00e9 formado por dois princ\u00edpios, a mat\u00e9ria e a ess\u00eancia. Esta ess\u00eancia \u00e9 a energia Divina que sustenta todos os seres, que costumamos chamar de esp\u00edrito. Assim, para sua evolu\u00e7\u00e3o, o esp\u00edrito busca companheiros, instrumentos para conseguir subir lentamente a escada evolutiva. Quando a consegue, leva junto seu instrumento, evoluindo para um est\u00e1gio superior, a mestria.<\/p>\n","protected":false},"excerpt":{"rendered":"<p>03\/08\/2023 Desde o seu in\u00edcio, a Terra serviu de ber\u00e7os para inumer\u00e1veis civiliza\u00e7\u00f5es com est\u00e1gios evolutivos diferentes. Eram, como ainda \u00e9, formados por projetos evolutivos com a finalidade de possibilitar a esses esp\u00edritos buscassem sua evolu\u00e7\u00e3o. Todos sabemos que a evolu\u00e7\u00e3o \u00e9 um caminho muito longo, por isso a necessidade de inumer\u00e1veis encarna\u00e7\u00f5es para aos [&hellip;]<\/p>\n","protected":false},"author":1,"featured_media":0,"comment_status":"open","ping_status":"open","sticky":false,"template":"","format":"standard","meta":{"_mi_skip_tracking":false},"categories":[35],"tags":[],"_links":{"self":[{"href":"https:\/\/www.miguelfaccio.com.br\/blog\/index.php\/wp-json\/wp\/v2\/posts\/20426"}],"collection":[{"href":"https:\/\/www.miguelfaccio.com.br\/blog\/index.php\/wp-json\/wp\/v2\/posts"}],"about":[{"href":"https:\/\/www.miguelfaccio.com.br\/blog\/index.php\/wp-json\/wp\/v2\/types\/post"}],"author":[{"embeddable":true,"href":"https:\/\/www.miguelfaccio.com.br\/blog\/index.php\/wp-json\/wp\/v2\/users\/1"}],"replies":[{"embeddable":true,"href":"https:\/\/www.miguelfaccio.com.br\/blog\/index.php\/wp-json\/wp\/v2\/comments?post=20426"}],"version-history":[{"count":1,"href":"https:\/\/www.miguelfaccio.com.br\/blog\/index.php\/wp-json\/wp\/v2\/posts\/20426\/revisions"}],"predecessor-version":[{"id":20428,"href":"https:\/\/www.miguelfaccio.com.br\/blog\/index.php\/wp-json\/wp\/v2\/posts\/20426\/revisions\/20428"}],"wp:attachment":[{"href":"https:\/\/www.miguelfaccio.com.br\/blog\/index.php\/wp-json\/wp\/v2\/media?parent=20426"}],"wp:term":[{"taxonomy":"category","embeddable":true,"href":"https:\/\/www.miguelfaccio.com.br\/blog\/index.php\/wp-json\/wp\/v2\/categories?post=20426"},{"taxonomy":"post_tag","embeddable":true,"href":"https:\/\/www.miguelfaccio.com.br\/blog\/index.php\/wp-json\/wp\/v2\/tags?post=20426"}],"curies":[{"name":"wp","href":"https:\/\/api.w.org\/{rel}","templated":true}]}}