{"id":20424,"date":"2026-01-11T09:36:16","date_gmt":"2026-01-11T12:36:16","guid":{"rendered":"https:\/\/www.miguelfaccio.com.br\/blog\/?p=20424"},"modified":"2026-01-11T09:36:18","modified_gmt":"2026-01-11T12:36:18","slug":"rcd4291-raios-ou-chamas","status":"publish","type":"post","link":"https:\/\/www.miguelfaccio.com.br\/blog\/index.php\/rcd4291-raios-ou-chamas\/","title":{"rendered":"RCD4291 Raios ou Chamas"},"content":{"rendered":"\n<p class=\"has-text-align-right\"><strong>Arcturianos <br>Atrav\u00e9s de Chellea Wilder<\/strong><\/p>\n\n\n\n<p>ESTA ATIVA\u00c7\u00c3O EST\u00c1 ILUMINANDO A TERRA<\/p>\n\n\n\n<p>23 de dezembro de 2025<\/p>\n\n\n\n<p>Sauda\u00e7\u00f5es, N\u00f3s Somos Os Arcturianos.<\/p>\n\n\n\n<p>\u00c9 sempre maravilhoso conectar-nos com todos voc\u00eas, que ouvir\u00e3o e ler\u00e3o esta transmiss\u00e3o.<\/p>\n\n\n\n<p>Saudamos voc\u00eas na resson\u00e2ncia harm\u00f4nica da unidade e da Luz, um profundo reconhecimento da interconex\u00e3o que une toda a exist\u00eancia.<\/p>\n\n\n\n<p>Saibam que, neste momento crucial, seu planeta est\u00e1 passando por uma ativa\u00e7\u00e3o energ\u00e9tica significativa e transformadora. Frequ\u00eancias intensas est\u00e3o fluindo para a Terra, acendendo e despertando simultaneamente todas as suas Linhas Ley planet\u00e1rias.<\/p>\n\n\n\n<p>Esses antigos caminhos de energia, que permaneceram adormecidos ou suprimidos por muito tempo, est\u00e3o sendo reanimados com o imenso e revitalizante poder da Luz Divina, que ressoa na pr\u00f3pria ess\u00eancia da sua realidade.<\/p>\n\n\n\n<p>\u00c0 medida que cada linha ley se ativa, uma vasta e expansiva transforma\u00e7\u00e3o da energia planet\u00e1ria est\u00e1 ocorrendo. Cada ponto nodal \u2014 cada local sagrado, grade cristalina e v\u00f3rtice energ\u00e9tico \u2014 est\u00e1 se iluminando em um pulso sincronizado e unificado que reverbera ao redor da Terra.<\/p>\n\n\n\n<p>Trata-se de uma recalibra\u00e7\u00e3o precisamente orquestrada do corpo energ\u00e9tico da Terra, que lembra uma sinfonia atingindo seu cl\u00edmax. Seu planeta est\u00e1 em processo de relembrar seu projeto original, um modelo de harmonia, equil\u00edbrio e interconex\u00e3o que foi obscurecido pelas ondas tumultuosas do tempo.<\/p>\n\n\n\n<p>Essas linhas ley ativadas est\u00e3o formando portais de energia poderosos, passagens que servem como vias de acesso \u2014 pontes entre dimens\u00f5es \u2014 pelas quais naves de frequ\u00eancia mais elevada podem transitar. Esses portais n\u00e3o s\u00e3o meras manifesta\u00e7\u00f5es f\u00edsicas; s\u00e3o corredores vivos de Luz, imbu\u00eddos de consci\u00eancia e inten\u00e7\u00e3o.<\/p>\n\n\n\n<p>Atrav\u00e9s desses caminhos vibrantes, nossas naves e as de outras civiliza\u00e7\u00f5es estelares benevolentes podem se mover com maior estabilidade e coer\u00eancia dentro do seu campo dimensional, facilitando uma troca harmoniosa de energias e conhecimento h\u00e1 muito aguardada.<\/p>\n\n\n\n<p>continua<\/p>\n","protected":false},"excerpt":{"rendered":"<p>Arcturianos Atrav\u00e9s de Chellea Wilder ESTA ATIVA\u00c7\u00c3O EST\u00c1 ILUMINANDO A TERRA 23 de dezembro de 2025 Sauda\u00e7\u00f5es, N\u00f3s Somos Os Arcturianos. \u00c9 sempre maravilhoso conectar-nos com todos voc\u00eas, que ouvir\u00e3o e ler\u00e3o esta transmiss\u00e3o. Saudamos voc\u00eas na resson\u00e2ncia harm\u00f4nica da unidade e da Luz, um profundo reconhecimento da interconex\u00e3o que une toda a exist\u00eancia. Saibam [&hellip;]<\/p>\n","protected":false},"author":1,"featured_media":0,"comment_status":"open","ping_status":"open","sticky":false,"template":"","format":"standard","meta":{"_mi_skip_tracking":false},"categories":[3],"tags":[],"_links":{"self":[{"href":"https:\/\/www.miguelfaccio.com.br\/blog\/index.php\/wp-json\/wp\/v2\/posts\/20424"}],"collection":[{"href":"https:\/\/www.miguelfaccio.com.br\/blog\/index.php\/wp-json\/wp\/v2\/posts"}],"about":[{"href":"https:\/\/www.miguelfaccio.com.br\/blog\/index.php\/wp-json\/wp\/v2\/types\/post"}],"author":[{"embeddable":true,"href":"https:\/\/www.miguelfaccio.com.br\/blog\/index.php\/wp-json\/wp\/v2\/users\/1"}],"replies":[{"embeddable":true,"href":"https:\/\/www.miguelfaccio.com.br\/blog\/index.php\/wp-json\/wp\/v2\/comments?post=20424"}],"version-history":[{"count":1,"href":"https:\/\/www.miguelfaccio.com.br\/blog\/index.php\/wp-json\/wp\/v2\/posts\/20424\/revisions"}],"predecessor-version":[{"id":20425,"href":"https:\/\/www.miguelfaccio.com.br\/blog\/index.php\/wp-json\/wp\/v2\/posts\/20424\/revisions\/20425"}],"wp:attachment":[{"href":"https:\/\/www.miguelfaccio.com.br\/blog\/index.php\/wp-json\/wp\/v2\/media?parent=20424"}],"wp:term":[{"taxonomy":"category","embeddable":true,"href":"https:\/\/www.miguelfaccio.com.br\/blog\/index.php\/wp-json\/wp\/v2\/categories?post=20424"},{"taxonomy":"post_tag","embeddable":true,"href":"https:\/\/www.miguelfaccio.com.br\/blog\/index.php\/wp-json\/wp\/v2\/tags?post=20424"}],"curies":[{"name":"wp","href":"https:\/\/api.w.org\/{rel}","templated":true}]}}