{"id":20422,"date":"2026-01-11T09:34:42","date_gmt":"2026-01-11T12:34:42","guid":{"rendered":"https:\/\/www.miguelfaccio.com.br\/blog\/?p=20422"},"modified":"2026-01-11T09:34:43","modified_gmt":"2026-01-11T12:34:43","slug":"plv4464-livro-29-diario-02-08-2023","status":"publish","type":"post","link":"https:\/\/www.miguelfaccio.com.br\/blog\/index.php\/plv4464-livro-29-diario-02-08-2023\/","title":{"rendered":"PLV4464 \u2013 Livro 29 \u2013 Di\u00e1rio, 02\/08\/2023"},"content":{"rendered":"\n<p class=\"has-text-align-right\"><strong>02\/08\/2023<\/strong><\/p>\n\n\n\n<p>Na vida, assim como precisamos do alimento para sustentar o corpo, o esp\u00edrito, a alma e mesmo o corpo precisam da energia divina para seu equil\u00edbrio e evolu\u00e7\u00e3o, quer seja como mat\u00e9ria, quer seja como esp\u00edrito. Tudo precisa das energias de Deus, e estas, se apresentam em diversas cores que se chamam Raios Divinos, ou tamb\u00e9m Chamas Divinas. Estas energias \u00e9 que estabelecem e sustentam todas as individualidades, como tamb\u00e9m os sistemas solares, as gal\u00e1xias e o pr\u00f3prio universo. Tudo \u00e9 regido e sustentado por estas energias. Por isso \u00e9 que se diz que Deus est\u00e1 em tudo, na realidade ele \u00e9 tudo. Deus \u00e9 tudo e se individualiza em cada unidade que existe no universo. A maioria dos seres humanos n\u00e3o conseguem se desligar da mat\u00e9ria e com isso h\u00e1 uma dificuldade tremenda para entender que s\u00e3o tamb\u00e9m part\u00edculas da pr\u00f3pria Divindade. Seu racioc\u00ednio n\u00e3o consegue discernir essa realidade, porque ela exige que se troquem par\u00e2metros dos quais n\u00e3o quer se desligar. Prefere continuar nas suas picuinhas a tentar mudar e garantir a verdadeira estrada da evolu\u00e7\u00e3o, a estrada que o levar\u00e1 \u00e0 ascens\u00e3o, \u00e0 mestria. Quando conseguir entender e vivenciar esse entendimento, ir\u00e1 compreender-se como uma individualidade Divina em evolu\u00e7\u00e3o, entender\u00e1 quem \u00e9 e para que est\u00e1 aqui.<\/p>\n","protected":false},"excerpt":{"rendered":"<p>02\/08\/2023 Na vida, assim como precisamos do alimento para sustentar o corpo, o esp\u00edrito, a alma e mesmo o corpo precisam da energia divina para seu equil\u00edbrio e evolu\u00e7\u00e3o, quer seja como mat\u00e9ria, quer seja como esp\u00edrito. Tudo precisa das energias de Deus, e estas, se apresentam em diversas cores que se chamam Raios Divinos, [&hellip;]<\/p>\n","protected":false},"author":1,"featured_media":0,"comment_status":"open","ping_status":"open","sticky":false,"template":"","format":"standard","meta":{"_mi_skip_tracking":false},"categories":[35],"tags":[],"_links":{"self":[{"href":"https:\/\/www.miguelfaccio.com.br\/blog\/index.php\/wp-json\/wp\/v2\/posts\/20422"}],"collection":[{"href":"https:\/\/www.miguelfaccio.com.br\/blog\/index.php\/wp-json\/wp\/v2\/posts"}],"about":[{"href":"https:\/\/www.miguelfaccio.com.br\/blog\/index.php\/wp-json\/wp\/v2\/types\/post"}],"author":[{"embeddable":true,"href":"https:\/\/www.miguelfaccio.com.br\/blog\/index.php\/wp-json\/wp\/v2\/users\/1"}],"replies":[{"embeddable":true,"href":"https:\/\/www.miguelfaccio.com.br\/blog\/index.php\/wp-json\/wp\/v2\/comments?post=20422"}],"version-history":[{"count":1,"href":"https:\/\/www.miguelfaccio.com.br\/blog\/index.php\/wp-json\/wp\/v2\/posts\/20422\/revisions"}],"predecessor-version":[{"id":20423,"href":"https:\/\/www.miguelfaccio.com.br\/blog\/index.php\/wp-json\/wp\/v2\/posts\/20422\/revisions\/20423"}],"wp:attachment":[{"href":"https:\/\/www.miguelfaccio.com.br\/blog\/index.php\/wp-json\/wp\/v2\/media?parent=20422"}],"wp:term":[{"taxonomy":"category","embeddable":true,"href":"https:\/\/www.miguelfaccio.com.br\/blog\/index.php\/wp-json\/wp\/v2\/categories?post=20422"},{"taxonomy":"post_tag","embeddable":true,"href":"https:\/\/www.miguelfaccio.com.br\/blog\/index.php\/wp-json\/wp\/v2\/tags?post=20422"}],"curies":[{"name":"wp","href":"https:\/\/api.w.org\/{rel}","templated":true}]}}