{"id":20420,"date":"2026-01-10T08:44:03","date_gmt":"2026-01-10T11:44:03","guid":{"rendered":"https:\/\/www.miguelfaccio.com.br\/blog\/?p=20420"},"modified":"2026-01-10T08:44:05","modified_gmt":"2026-01-10T11:44:05","slug":"rcd4290-raios-ou-chamas","status":"publish","type":"post","link":"https:\/\/www.miguelfaccio.com.br\/blog\/index.php\/rcd4290-raios-ou-chamas\/","title":{"rendered":"RCD4290 Raios ou Chamas"},"content":{"rendered":"\n<p class=\"has-text-align-right\"><strong>Mensagem de M\u00e3e Maria <br>Atrav\u00e9s de Jane Ribeiro<\/strong><\/p>\n\n\n\n<p>A HUMANIDADE EST\u00c1 PRONTA PARA RENASCER<\/p>\n\n\n\n<p>continua\u00e7\u00e3o<\/p>\n\n\n\n<p>O para\u00edso na Terra se faz poss\u00edvel a todos v\u00f3s, amados.<\/p>\n\n\n\n<p>Caminhai com passos firmes para implant\u00e1-lo em vosso planeta, a partir do espa\u00e7o sagrado que \u00e9 vosso lar.<\/p>\n\n\n\n<p>Ancorai em vossos lares a Luz do Cristo, reconhecendo na vossa fam\u00edlia terrena a Sagrada Fam\u00edlia que, at\u00e9 hoje, serve de esteio para toda a humanidade.<\/p>\n\n\n\n<p>Buscai compreender a efic\u00e1cia da f\u00e9 alimentada pelo Mestre, compreendendo que a f\u00e9 do Mestre \u00e9 a f\u00e9 no Divino que existe em todos v\u00f3s, \u00e9 a mola propulsora que vos ajuda a remover todos os obst\u00e1culos, transpor todos os limites, vencer todos os desafios.<\/p>\n\n\n\n<p>Lembrai das muitas p\u00e9rolas de sabedoria que Ele transmitiu com o \u00fanico objetivo de vos auxiliar a abrir o caminho e resgatar a luz do Pai em v\u00f3s.<\/p>\n\n\n\n<p>Trazei de volta a linguagem amorosa que Ele compartilhava com todos, atrav\u00e9s do seu poderoso e meigo olhar, olhar que a todos tocava, olhar que detinha o poder de curar qualquer mal, qualquer dor.<\/p>\n\n\n\n<p>Reconhecei a pureza do Mestre, pureza cultivada por pensamentos amorosos, por atitudes que geravam s\u00f3 o bem-estar, compreens\u00e3o e alegria.<\/p>\n\n\n\n<p>Abri os olhos para reconhecer vosso poder e, atrav\u00e9s das li\u00e7\u00f5es legadas pelo Mestre, manifestar esse poder na vossa realidade.<\/p>\n\n\n\n<p>Este \u00e9 o caminho a percorrer, o caminho que exige f\u00e9, que exige a\u00e7\u00e3o, que exige disciplina, que exige amor; o caminho que vos leva a maestria divina, o caminho que vos permite a conclus\u00e3o de mais uma etapa de vossa evolu\u00e7\u00e3o.<\/p>\n\n\n\n<p>Bem-amados, que esses dias possam ser dias de reflex\u00e3o, dias de profundo recolhimento, dias em que cada um de v\u00f3s possa reconhecer que sois luz em um corpo f\u00edsico, para devolver ao mundo do caos a frequ\u00eancia do amor incondicional.<\/p>\n\n\n\n<p>Bem-amados, Eu vos deixo agora derramando sobre todos v\u00f3s as minhas ben\u00e7\u00e3os e envolvendo a todos no meu manto de prote\u00e7\u00e3o.<\/p>\n\n\n\n<p>~ Eu Sou Maria, Vossa M\u00e3e<\/p>\n\n\n\n<p>Formata\u00e7\u00e3o \u2013 Blog De Cora\u00e7\u00e3o a Cora\u00e7\u00e3o<\/p>\n\n\n\n<figure class=\"wp-block-embed\"><div class=\"wp-block-embed__wrapper\">\nhttp:\/\/www.decoracaoacoracao.blog.br\/\n<\/div><\/figure>\n\n\n\n<figure class=\"wp-block-embed\"><div class=\"wp-block-embed__wrapper\">\nhttp:\/\/stelalecocq.blogspot.com\n<\/div><\/figure>\n\n\n\n<figure class=\"wp-block-embed\"><div class=\"wp-block-embed__wrapper\">\nhttps:\/\/lecocq.wordpress.com\n<\/div><\/figure>\n\n\n\n<p>Instagram \u2013 @blogdecoracaoacoracao<\/p>\n\n\n\n<p>Informa\u00e7\u00f5es e Agendamentos para Mesa Qu\u00e2ntica Estelar, Mesa Pet, Mesa Qu\u00e2ntica 2.0, Florais de Bach, Sistema Regenerador Ashtariano, Sistema Arcturiano de Cura Multidimensional \u2013 lecocqmuller@gmail.com<\/p>\n\n\n\n<p>E-book \u201cMensagens dos Mestres \u2013 De Cora\u00e7\u00e3o a Cora\u00e7\u00e3o\u201d \u2013 https:\/\/mensagensdosmestres.blogspot.com\/<\/p>\n\n\n\n<figure class=\"wp-block-embed\"><div class=\"wp-block-embed__wrapper\">\nhttps:\/\/bit.ly\/mensagensmaemaria\n<\/div><\/figure>\n\n\n\n<p>Respeite todos os cr\u00e9ditos ao compartilhar<\/p>\n\n\n\n<p>LUZ!<\/p>\n\n\n\n<p>STELA<\/p>\n","protected":false},"excerpt":{"rendered":"<p>Mensagem de M\u00e3e Maria Atrav\u00e9s de Jane Ribeiro A HUMANIDADE EST\u00c1 PRONTA PARA RENASCER continua\u00e7\u00e3o O para\u00edso na Terra se faz poss\u00edvel a todos v\u00f3s, amados. Caminhai com passos firmes para implant\u00e1-lo em vosso planeta, a partir do espa\u00e7o sagrado que \u00e9 vosso lar. Ancorai em vossos lares a Luz do Cristo, reconhecendo na vossa [&hellip;]<\/p>\n","protected":false},"author":1,"featured_media":0,"comment_status":"open","ping_status":"open","sticky":false,"template":"","format":"standard","meta":{"_mi_skip_tracking":false},"categories":[3],"tags":[],"_links":{"self":[{"href":"https:\/\/www.miguelfaccio.com.br\/blog\/index.php\/wp-json\/wp\/v2\/posts\/20420"}],"collection":[{"href":"https:\/\/www.miguelfaccio.com.br\/blog\/index.php\/wp-json\/wp\/v2\/posts"}],"about":[{"href":"https:\/\/www.miguelfaccio.com.br\/blog\/index.php\/wp-json\/wp\/v2\/types\/post"}],"author":[{"embeddable":true,"href":"https:\/\/www.miguelfaccio.com.br\/blog\/index.php\/wp-json\/wp\/v2\/users\/1"}],"replies":[{"embeddable":true,"href":"https:\/\/www.miguelfaccio.com.br\/blog\/index.php\/wp-json\/wp\/v2\/comments?post=20420"}],"version-history":[{"count":1,"href":"https:\/\/www.miguelfaccio.com.br\/blog\/index.php\/wp-json\/wp\/v2\/posts\/20420\/revisions"}],"predecessor-version":[{"id":20421,"href":"https:\/\/www.miguelfaccio.com.br\/blog\/index.php\/wp-json\/wp\/v2\/posts\/20420\/revisions\/20421"}],"wp:attachment":[{"href":"https:\/\/www.miguelfaccio.com.br\/blog\/index.php\/wp-json\/wp\/v2\/media?parent=20420"}],"wp:term":[{"taxonomy":"category","embeddable":true,"href":"https:\/\/www.miguelfaccio.com.br\/blog\/index.php\/wp-json\/wp\/v2\/categories?post=20420"},{"taxonomy":"post_tag","embeddable":true,"href":"https:\/\/www.miguelfaccio.com.br\/blog\/index.php\/wp-json\/wp\/v2\/tags?post=20420"}],"curies":[{"name":"wp","href":"https:\/\/api.w.org\/{rel}","templated":true}]}}