{"id":20418,"date":"2026-01-10T08:36:15","date_gmt":"2026-01-10T11:36:15","guid":{"rendered":"https:\/\/www.miguelfaccio.com.br\/blog\/?p=20418"},"modified":"2026-01-10T08:36:17","modified_gmt":"2026-01-10T11:36:17","slug":"plv4463-livro-29-diario-01-08-2023","status":"publish","type":"post","link":"https:\/\/www.miguelfaccio.com.br\/blog\/index.php\/plv4463-livro-29-diario-01-08-2023\/","title":{"rendered":"PLV4463 \u2013 Livro 29 \u2013 Di\u00e1rio, 01\/08\/2023"},"content":{"rendered":"\n<p class=\"has-text-align-right\"><strong>01\/08\/2023<\/strong><\/p>\n\n\n\n<p>A vida n\u00e3o \u00e9 o corpo f\u00edsico, o corpo que \u00e9 consequ\u00eancia da vida. Assim como o carro \u00e9 consequ\u00eancia das necessidades do ser humano. Essa \u00e9 uma realidade que precisa se implantar em nosso consciente. A humanidade julga e se acha na certeza de que o corpo f\u00edsico \u00e9 quem comanda o universo que o rodeia. Ledo engano, o corpo \u00e9 um acess\u00f3rio que o esp\u00edrito precisa para tomar, para seu uso, durante algum tempo e depois dependendo de suas necessidades ou cumprido o motivo de ter tomado aquele corpo, sai do corpo e assim o corpo morre. Pura e simplesmente isso. O corpo que usou, em sua grand\u00edssima maioria espelha a evolu\u00e7\u00e3o do esp\u00edrito que lhe deu a vida. Um esp\u00edrito s\u00e1bio, pode, mesmo em corpo simples, apresentar muito mais sabedoria do que outro corpo que fez todos os graus de estudo. O corpo que estudou, tem conhecimentos, e isso n\u00e3o \u00e9 condi\u00e7\u00e3o de sabedoria. Sabedoria \u00e9 a condi\u00e7\u00e3o de saber usar os conhecimentos para engrandecimento de sua evolu\u00e7\u00e3o. O ser humano precisa conscientizar-se de que seu corpo \u00e9 apenas um instrumento que o esp\u00edrito precisa para experienciar os conhecimentos. \u00c9 preciso ficar bem claro, o corpo \u201csou eu\u201d, o esp\u00edrito, tamb\u00e9m \u201csou eu\u201d, formamos uma dualidade que somente a morte poder\u00e1 separar. Se o corpo, de qualquer forma, ferir o esp\u00edrito estar\u00e1 se ferindo a si pr\u00f3prio. Tudo o que o \u201cEU\u201d corpo fizer, cair\u00e1 sobre o \u201cEU\u201d esp\u00edrito. Se for um ato bom o elevar\u00e1, se for um ato mau, o \u201cEU\u201d esp\u00edrito ter\u00e1 que resgatar em outro corpo.<\/p>\n","protected":false},"excerpt":{"rendered":"<p>01\/08\/2023 A vida n\u00e3o \u00e9 o corpo f\u00edsico, o corpo que \u00e9 consequ\u00eancia da vida. Assim como o carro \u00e9 consequ\u00eancia das necessidades do ser humano. Essa \u00e9 uma realidade que precisa se implantar em nosso consciente. A humanidade julga e se acha na certeza de que o corpo f\u00edsico \u00e9 quem comanda o universo [&hellip;]<\/p>\n","protected":false},"author":1,"featured_media":0,"comment_status":"open","ping_status":"open","sticky":false,"template":"","format":"standard","meta":{"_mi_skip_tracking":false},"categories":[35],"tags":[],"_links":{"self":[{"href":"https:\/\/www.miguelfaccio.com.br\/blog\/index.php\/wp-json\/wp\/v2\/posts\/20418"}],"collection":[{"href":"https:\/\/www.miguelfaccio.com.br\/blog\/index.php\/wp-json\/wp\/v2\/posts"}],"about":[{"href":"https:\/\/www.miguelfaccio.com.br\/blog\/index.php\/wp-json\/wp\/v2\/types\/post"}],"author":[{"embeddable":true,"href":"https:\/\/www.miguelfaccio.com.br\/blog\/index.php\/wp-json\/wp\/v2\/users\/1"}],"replies":[{"embeddable":true,"href":"https:\/\/www.miguelfaccio.com.br\/blog\/index.php\/wp-json\/wp\/v2\/comments?post=20418"}],"version-history":[{"count":1,"href":"https:\/\/www.miguelfaccio.com.br\/blog\/index.php\/wp-json\/wp\/v2\/posts\/20418\/revisions"}],"predecessor-version":[{"id":20419,"href":"https:\/\/www.miguelfaccio.com.br\/blog\/index.php\/wp-json\/wp\/v2\/posts\/20418\/revisions\/20419"}],"wp:attachment":[{"href":"https:\/\/www.miguelfaccio.com.br\/blog\/index.php\/wp-json\/wp\/v2\/media?parent=20418"}],"wp:term":[{"taxonomy":"category","embeddable":true,"href":"https:\/\/www.miguelfaccio.com.br\/blog\/index.php\/wp-json\/wp\/v2\/categories?post=20418"},{"taxonomy":"post_tag","embeddable":true,"href":"https:\/\/www.miguelfaccio.com.br\/blog\/index.php\/wp-json\/wp\/v2\/tags?post=20418"}],"curies":[{"name":"wp","href":"https:\/\/api.w.org\/{rel}","templated":true}]}}