{"id":20413,"date":"2026-01-09T08:23:35","date_gmt":"2026-01-09T11:23:35","guid":{"rendered":"https:\/\/www.miguelfaccio.com.br\/blog\/?p=20413"},"modified":"2026-01-09T08:23:37","modified_gmt":"2026-01-09T11:23:37","slug":"plv4462-livro-29-diario-31-07-2023","status":"publish","type":"post","link":"https:\/\/www.miguelfaccio.com.br\/blog\/index.php\/plv4462-livro-29-diario-31-07-2023\/","title":{"rendered":"PLV4462 \u2013 Livro 29 \u2013 Di\u00e1rio, 31\/07\/2023"},"content":{"rendered":"\n<p class=\"has-text-align-right\"><strong>31\/07\/2023<\/strong><\/p>\n\n\n\n<p>O ser humano, em sua grande maioria n\u00e3o est\u00e1 consciente da grande virada que est\u00e1 aos poucos acontecendo no planeta. Podem, talvez, j\u00e1 terem ouvido falar, mas como n\u00e3o o est\u00e1 afetando diretamente, faz como se nada estivesse acontecendo. Seguem os ditames de um consciente malformado e de fal\u00e1cias que encantam os ouvidos, mas nunca funcionaram em parte alguma do planeta. Essa grande virada precisa acontecer, embora n\u00e3o se saiba nem o dia e nem a hora, pois o planeta em suas terras e \u00e1guas j\u00e1 est\u00e3o contaminados por pesticidas qu\u00edmicos espalhados ao sabor do agricultor na busca de livrar-se de pragas que afetam sua lavoura. Outra situa\u00e7\u00e3o que se deve a quase toda a popula\u00e7\u00e3o mundial, que \u00e9 o lixo largado em qualquer canto, que, fatalmente, v\u00e3o para as \u00e1guas dos rios, que por sua vez os leva para o mar, tornando os oceanos a maior lixeira do planeta. Como consequ\u00eancia disso, h\u00e1 a mortandade de muitos peixes onde se inclui o maior dos oceanos. A terra est\u00e1 envenenada, as \u00e1guas, desde suas nascentes j\u00e1 surgem envenenadas e as \u00e1guas dos mares est\u00e1 apodrecendo. Quanto tempo ainda poder-se-ia conviver com uma situa\u00e7\u00e3o dessas? Para solucionar isso, precisar-se-ia de um tremendo poder t\u00e9cnico e econ\u00f4mico e interesse do pr\u00f3prio poluidor. Quem teria condi\u00e7\u00f5es de fazer isso? Somente algu\u00e9m com poder, conhecimento, t\u00e9cnica e capacidade suficientes, que s\u00e3o nossos irm\u00e3os das estrelas que evolu\u00edram de est\u00e1gios como o nosso, ao poder de se deslocar no universo ao comando de seu pensamento.<\/p>\n","protected":false},"excerpt":{"rendered":"<p>31\/07\/2023 O ser humano, em sua grande maioria n\u00e3o est\u00e1 consciente da grande virada que est\u00e1 aos poucos acontecendo no planeta. Podem, talvez, j\u00e1 terem ouvido falar, mas como n\u00e3o o est\u00e1 afetando diretamente, faz como se nada estivesse acontecendo. Seguem os ditames de um consciente malformado e de fal\u00e1cias que encantam os ouvidos, mas [&hellip;]<\/p>\n","protected":false},"author":1,"featured_media":0,"comment_status":"open","ping_status":"open","sticky":false,"template":"","format":"standard","meta":{"_mi_skip_tracking":false},"categories":[35],"tags":[],"_links":{"self":[{"href":"https:\/\/www.miguelfaccio.com.br\/blog\/index.php\/wp-json\/wp\/v2\/posts\/20413"}],"collection":[{"href":"https:\/\/www.miguelfaccio.com.br\/blog\/index.php\/wp-json\/wp\/v2\/posts"}],"about":[{"href":"https:\/\/www.miguelfaccio.com.br\/blog\/index.php\/wp-json\/wp\/v2\/types\/post"}],"author":[{"embeddable":true,"href":"https:\/\/www.miguelfaccio.com.br\/blog\/index.php\/wp-json\/wp\/v2\/users\/1"}],"replies":[{"embeddable":true,"href":"https:\/\/www.miguelfaccio.com.br\/blog\/index.php\/wp-json\/wp\/v2\/comments?post=20413"}],"version-history":[{"count":1,"href":"https:\/\/www.miguelfaccio.com.br\/blog\/index.php\/wp-json\/wp\/v2\/posts\/20413\/revisions"}],"predecessor-version":[{"id":20414,"href":"https:\/\/www.miguelfaccio.com.br\/blog\/index.php\/wp-json\/wp\/v2\/posts\/20413\/revisions\/20414"}],"wp:attachment":[{"href":"https:\/\/www.miguelfaccio.com.br\/blog\/index.php\/wp-json\/wp\/v2\/media?parent=20413"}],"wp:term":[{"taxonomy":"category","embeddable":true,"href":"https:\/\/www.miguelfaccio.com.br\/blog\/index.php\/wp-json\/wp\/v2\/categories?post=20413"},{"taxonomy":"post_tag","embeddable":true,"href":"https:\/\/www.miguelfaccio.com.br\/blog\/index.php\/wp-json\/wp\/v2\/tags?post=20413"}],"curies":[{"name":"wp","href":"https:\/\/api.w.org\/{rel}","templated":true}]}}