{"id":20400,"date":"2026-01-06T08:23:18","date_gmt":"2026-01-06T11:23:18","guid":{"rendered":"https:\/\/www.miguelfaccio.com.br\/blog\/?p=20400"},"modified":"2026-01-06T08:23:20","modified_gmt":"2026-01-06T11:23:20","slug":"plv4459-livro-29-diario-28-07-2023","status":"publish","type":"post","link":"https:\/\/www.miguelfaccio.com.br\/blog\/index.php\/plv4459-livro-29-diario-28-07-2023\/","title":{"rendered":"PLV4459 \u2013 Livro 29 \u2013 Di\u00e1rio, 28\/07\/2023"},"content":{"rendered":"\n<p class=\"has-text-align-right\"><strong>28\/07\/2023<\/strong><\/p>\n\n\n\n<p>Os conhecimentos n\u00e3o v\u00eam acumulados, est\u00e3o a\u00ed, mas precisam que se v\u00e1 busc\u00e1-los ou ao m\u00ednimo o esfor\u00e7o necess\u00e1rio para absorv\u00ea-lo. Agora, tem uma coisa que n\u00e3o \u00e9 muito ventilada. O conhecimento \u00e9 acumulado no consciente do esp\u00edrito, que por sua vez transfere ao consciente do corpo. Todos os seres humanos nascem na mesma condi\u00e7\u00e3o, o que se sobressai em cada individualidade \u00e9 a condi\u00e7\u00e3o evolutiva do esp\u00edrito que est\u00e1 dentro deste corpo. Isso comprova uns v\u00eddeos que vi na internet, j\u00e1 h\u00e1 algum tempo, uma crian\u00e7a de 4 anos tocando piano como se fosse um maestro. Outro uma crian\u00e7a de dois anos lendo fluentemente, sem sequer conhecer as letras. Assim h\u00e1 in\u00fameros exemplos de situa\u00e7\u00f5es em que o esp\u00edrito \u00e9 quem tem o conhecimento e que o corpo \u00e9 apenas o ve\u00edculo onde ele se expressa. Ou voc\u00eas acham que Deus vai criar um novo corpo, se encantou pela bela cor de seus olhos e deu um conhecimento, uma intelig\u00eancia suprema, como Tesla, Einstein, Pit\u00e1goras, S\u00f3crates, Michelangelo e tenha negado a todos os outros seres e \u00e0 muitos condenando a pobreza e a ignor\u00e2ncia. A voc\u00ea que pensa dessa forma, eu perguntaria: que Deus \u00e9 esse? Um Deus que d\u00e1 a um, abund\u00e2ncia e ao seu vizinho, a mis\u00e9ria? Ao contr\u00e1rio, Deus \u00e9 t\u00e3o justo que gratifica com evolu\u00e7\u00e3o os bons atos dos homens, como tamb\u00e9m cobra os maus. Todo aquele que recebeu o tem para a eternidade, e o que agiu mal, ter\u00e1 que ressarcir.<\/p>\n","protected":false},"excerpt":{"rendered":"<p>28\/07\/2023 Os conhecimentos n\u00e3o v\u00eam acumulados, est\u00e3o a\u00ed, mas precisam que se v\u00e1 busc\u00e1-los ou ao m\u00ednimo o esfor\u00e7o necess\u00e1rio para absorv\u00ea-lo. Agora, tem uma coisa que n\u00e3o \u00e9 muito ventilada. O conhecimento \u00e9 acumulado no consciente do esp\u00edrito, que por sua vez transfere ao consciente do corpo. Todos os seres humanos nascem na mesma [&hellip;]<\/p>\n","protected":false},"author":1,"featured_media":0,"comment_status":"open","ping_status":"open","sticky":false,"template":"","format":"standard","meta":{"_mi_skip_tracking":false},"categories":[35],"tags":[],"_links":{"self":[{"href":"https:\/\/www.miguelfaccio.com.br\/blog\/index.php\/wp-json\/wp\/v2\/posts\/20400"}],"collection":[{"href":"https:\/\/www.miguelfaccio.com.br\/blog\/index.php\/wp-json\/wp\/v2\/posts"}],"about":[{"href":"https:\/\/www.miguelfaccio.com.br\/blog\/index.php\/wp-json\/wp\/v2\/types\/post"}],"author":[{"embeddable":true,"href":"https:\/\/www.miguelfaccio.com.br\/blog\/index.php\/wp-json\/wp\/v2\/users\/1"}],"replies":[{"embeddable":true,"href":"https:\/\/www.miguelfaccio.com.br\/blog\/index.php\/wp-json\/wp\/v2\/comments?post=20400"}],"version-history":[{"count":1,"href":"https:\/\/www.miguelfaccio.com.br\/blog\/index.php\/wp-json\/wp\/v2\/posts\/20400\/revisions"}],"predecessor-version":[{"id":20401,"href":"https:\/\/www.miguelfaccio.com.br\/blog\/index.php\/wp-json\/wp\/v2\/posts\/20400\/revisions\/20401"}],"wp:attachment":[{"href":"https:\/\/www.miguelfaccio.com.br\/blog\/index.php\/wp-json\/wp\/v2\/media?parent=20400"}],"wp:term":[{"taxonomy":"category","embeddable":true,"href":"https:\/\/www.miguelfaccio.com.br\/blog\/index.php\/wp-json\/wp\/v2\/categories?post=20400"},{"taxonomy":"post_tag","embeddable":true,"href":"https:\/\/www.miguelfaccio.com.br\/blog\/index.php\/wp-json\/wp\/v2\/tags?post=20400"}],"curies":[{"name":"wp","href":"https:\/\/api.w.org\/{rel}","templated":true}]}}